{"id":47340,"date":"2022-10-26T11:29:37","date_gmt":"2022-10-26T14:29:37","guid":{"rendered":"https:\/\/www.todoeldia.com\/?p=47340"},"modified":"2022-10-26T14:16:52","modified_gmt":"2022-10-26T17:16:52","slug":"12-anos-de-prision-para-el-degenerado-que-abusaba-de-su-hija","status":"publish","type":"post","link":"https:\/\/www.todoeldia.com\/index.php\/2022\/10\/26\/12-anos-de-prision-para-el-degenerado-que-abusaba-de-su-hija\/","title":{"rendered":"12 a\u00f1os de prisi\u00f3n para el padre degenerado que adormecia a su hija para abusar de ella"},"content":{"rendered":"\n<p>Un hombre fue condenado a la pena de doce a\u00f1os de prisi\u00f3n por resultar autor penalmente responsable de los delitos de abuso sexual con acceso carnal agravado por el v\u00ednculo y la guarda (continuado), en concurso real con abuso sexual simple agravado por el v\u00ednculo y la guarda.<\/p>\n\n\n\n<p>La jueza Carolina Sanguedolce, vocal de la Sala III del Tribunal de Juicio, orden\u00f3 que el imputado (37) contin\u00fae alojado en la c\u00e1rcel penitenciaria local. Dispuso que reciba tratamiento psicoterap\u00e9utico por la naturaleza de los hechos por los cuales result\u00f3 condenado.&nbsp;<\/p>\n\n\n\n<p>La jueza orden\u00f3 que se le realice al condenado un examen de ADN para su incorporaci\u00f3n al Banco de Datos Gen\u00e9ticos.<\/p>\n\n\n\n<p>El sujeto es padre biol\u00f3gico de la damnificada (13). Los hechos ocurrieron en la localidad de Campo Santo.<\/p>\n\n\n\n<p>En enero de este a\u00f1o, la menor le cont\u00f3 a su madre y a sus hermanos mayores que su pap\u00e1 abusaba de ella desde que ten\u00eda 10 a\u00f1os. El imputado se encontraba separado de la denunciante desde hac\u00eda siete a\u00f1os. \u00c9l resid\u00eda en Campo Santo y el resto de la familia, en una localidad vecina.<\/p>\n\n\n\n<p>Los abusos salieron a la luz una noche, cuando la denunciante le recrimin\u00f3 a la menor v\u00edctima haberse quedado hasta tarde en la plaza. Para amedrentarla le advirti\u00f3 que le iba a avisar a su pap\u00e1 lo ocurrido. En el contexto de esa discusi\u00f3n, la ni\u00f1a le revel\u00f3 que su pap\u00e1 abusaba de ella desde hac\u00eda tiempo.<\/p>\n\n\n\n<p>El acusado acostumbraba a buscar a su hija de 13 a\u00f1os para llevarla a dormir a su casa. La menor relat\u00f3 que su pap\u00e1 siempre le pon\u00eda una pastilla blanca en el jugo o gaseosa y que, al ratito, ella se dorm\u00eda. Cuando se despertaba, estaba sin ropa y su pap\u00e1 estaba acostado a su lado, desnudo tambi\u00e9n.<\/p>\n\n\n\n<p>Dijo que en algunas ocasiones, al despertar, su pap\u00e1 estaba encima de ella o estaba toc\u00e1ndole los pechos. Manifest\u00f3 que intentaba resistirse, le dec\u00eda que la dejara, pero \u00e9l la amenazaba dici\u00e9ndole que \u201cla iba a hacer cagar\u201d, le daba \u201cchirlos\u201d o le dec\u00eda que \u201c\u00e9l se iba a matar\u201d. Otras veces ella quer\u00eda hablar pero no pod\u00eda, \u201cno le sal\u00edan las palabras, ten\u00eda dura la boca\u201d.&nbsp;<\/p>\n\n\n\n<p>La menor refiri\u00f3 adem\u00e1s que se levantaba con dolor de cabeza, mareada y que \u201cle dol\u00eda cuando hac\u00eda pis\u201d.<\/p>\n","protected":false},"excerpt":{"rendered":"<p>Un hombre fue condenado a la pena de doce a\u00f1os de prisi\u00f3n por resultar autor penalmente responsable de los delitos de abuso sexual con acceso carnal agravado por el v\u00ednculo y la guarda (continuado), en concurso real con abuso sexual simple agravado por el v\u00ednculo y la guarda. La jueza Carolina Sanguedolce, vocal de la [&hellip;]<\/p>\n","protected":false},"author":2,"featured_media":46107,"comment_status":"open","ping_status":"open","sticky":false,"template":"","format":"standard","meta":{"tdm_status":"","tdm_grid_status":"","_joinchat":[],"footnotes":""},"categories":[63],"tags":[],"class_list":{"0":"post-47340","1":"post","2":"type-post","3":"status-publish","4":"format-standard","5":"has-post-thumbnail","7":"category-policiales"},"amp_enabled":true,"_links":{"self":[{"href":"https:\/\/www.todoeldia.com\/index.php\/wp-json\/wp\/v2\/posts\/47340","targetHints":{"allow":["GET"]}}],"collection":[{"href":"https:\/\/www.todoeldia.com\/index.php\/wp-json\/wp\/v2\/posts"}],"about":[{"href":"https:\/\/www.todoeldia.com\/index.php\/wp-json\/wp\/v2\/types\/post"}],"author":[{"embeddable":true,"href":"https:\/\/www.todoeldia.com\/index.php\/wp-json\/wp\/v2\/users\/2"}],"replies":[{"embeddable":true,"href":"https:\/\/www.todoeldia.com\/index.php\/wp-json\/wp\/v2\/comments?post=47340"}],"version-history":[{"count":2,"href":"https:\/\/www.todoeldia.com\/index.php\/wp-json\/wp\/v2\/posts\/47340\/revisions"}],"predecessor-version":[{"id":47368,"href":"https:\/\/www.todoeldia.com\/index.php\/wp-json\/wp\/v2\/posts\/47340\/revisions\/47368"}],"wp:featuredmedia":[{"embeddable":true,"href":"https:\/\/www.todoeldia.com\/index.php\/wp-json\/wp\/v2\/media\/46107"}],"wp:attachment":[{"href":"https:\/\/www.todoeldia.com\/index.php\/wp-json\/wp\/v2\/media?parent=47340"}],"wp:term":[{"taxonomy":"category","embeddable":true,"href":"https:\/\/www.todoeldia.com\/index.php\/wp-json\/wp\/v2\/categories?post=47340"},{"taxonomy":"post_tag","embeddable":true,"href":"https:\/\/www.todoeldia.com\/index.php\/wp-json\/wp\/v2\/tags?post=47340"}],"curies":[{"name":"wp","href":"https:\/\/api.w.org\/{rel}","templated":true}]}}