{"id":4739,"date":"2020-09-04T13:15:12","date_gmt":"2020-09-04T16:15:12","guid":{"rendered":"https:\/\/www.todoeldia.com\/?p=4739"},"modified":"2020-09-04T13:18:28","modified_gmt":"2020-09-04T16:18:28","slug":"tres-de-los-hijos-de-wanda-nara-tienen-coronavirus-tras-el-contagio-de-mauro-icardi","status":"publish","type":"post","link":"https:\/\/www.todoeldia.com\/index.php\/2020\/09\/04\/tres-de-los-hijos-de-wanda-nara-tienen-coronavirus-tras-el-contagio-de-mauro-icardi\/","title":{"rendered":"Tres de los hijos de Wanda Nara tienen coronavirus tras el contagio de Mauro Icardi"},"content":{"rendered":"\n<p>En Los \u00c1ngeles de la ma\u00f1ana dieron a conocer la lista de contagios tras el positivo del futbolista.<\/p>\n\n\n\n<p>En las \u00faltimas horas se conoci\u00f3 que&nbsp;Mauro Icardi&nbsp;dio positivo de coronavirus, luego de haber tenido contacto en Ibiza con&nbsp;Neymar, que tambi\u00e9n hab\u00eda confirmado que ten\u00eda&nbsp;Covid-19.<\/p>\n\n\n\n<p>Seg\u00fan public\u00f3 L&#8217;Equipe, uno de los diarios deportivos m\u00e1s prestigiosos de Europa, este jueves el PSG, el equipo donde juega el delantero argentino, anunci\u00f3 que se hab\u00edan registrado tres nuevos casos de&nbsp;Covid-19&nbsp;en su plantel, con los que ya totalizan seis los futbolistas contagiados.<\/p>\n\n\n\n<p>Si bien el club franc\u00e9s no revel\u00f3 la identidad de ninguno de los contagiados, uno de los contagiados es&nbsp;Mauro&nbsp;Icardi, el arquero costarricense&nbsp;Keylor Navas&nbsp;y el mediocampista brasile\u00f1o&nbsp;Marquinhos, a quienes se los vio compartiendo sus vacaciones en Ibiza.<\/p>\n\n\n\n<p>En&nbsp;Los \u00c1ngeles de la ma\u00f1ana,&nbsp;Karina Iav\u00edcoli&nbsp;relat\u00f3 que tras que se conociera el positivo de Mauro Icardi, se conoci\u00f3 que no fue el \u00fanico en dar positivo de&nbsp;Covid-19. El resultado del futbolista deriv\u00f3 en que otros de los integrantes de la familia tambi\u00e9n terminaran contagiados.&nbsp;<\/p>\n\n\n\n<p>Juan Icardi, el padre de Mauro, que los acompa\u00f1a a diario y est\u00e1 en permanente contacto con la familia, fue uno de los confirmados como contagiado de Covid. Sin embargo, no es el \u00fanico.&nbsp;<\/p>\n\n\n\n<p>La angelita relat\u00f3 en LAM que tres de los hijos de\u00a0Wanda Nara\u00a0tambi\u00e9n dieron positivo: &#8220;Dos de los hijos con Wanda con Maxi L\u00f3pez, Benedicto y Constantino, y una de las hijas que tuvo con Mauro Icardi, que es la m\u00e1s chiquita&#8221;.<\/p>\n\n\n\n<p>&#8220;Wanda dio negativo, tres de sus hijos dieron positivo y ella negativo. Hace dos d\u00edas que no publican ninguna foto&#8221;, agreg\u00f3&nbsp;Iav\u00edcoli&nbsp;sobre la informaci\u00f3n que se conoci\u00f3.&nbsp;<\/p>\n\n\n\n<p>Seg\u00fan dieron a conocer en LAM,&nbsp;Wanda Nara&nbsp;junto a Mauro y los chicos se quedar\u00edan en Par\u00eds para permanecer aislados.<\/p>\n","protected":false},"excerpt":{"rendered":"<p>En Los \u00c1ngeles de la ma\u00f1ana dieron a conocer la lista de contagios tras el positivo del futbolista. En las \u00faltimas horas se conoci\u00f3 que&nbsp;Mauro Icardi&nbsp;dio positivo de coronavirus, luego de haber tenido contacto en Ibiza con&nbsp;Neymar, que tambi\u00e9n hab\u00eda confirmado que ten\u00eda&nbsp;Covid-19. Seg\u00fan public\u00f3 L&#8217;Equipe, uno de los diarios deportivos m\u00e1s prestigiosos de Europa, [&hellip;]<\/p>\n","protected":false},"author":2,"featured_media":4740,"comment_status":"open","ping_status":"open","sticky":false,"template":"","format":"standard","meta":{"tdm_status":"","tdm_grid_status":"","_joinchat":[],"footnotes":""},"categories":[120],"tags":[],"class_list":{"0":"post-4739","1":"post","2":"type-post","3":"status-publish","4":"format-standard","5":"has-post-thumbnail","7":"category-espectaculos-2"},"amp_enabled":true,"_links":{"self":[{"href":"https:\/\/www.todoeldia.com\/index.php\/wp-json\/wp\/v2\/posts\/4739","targetHints":{"allow":["GET"]}}],"collection":[{"href":"https:\/\/www.todoeldia.com\/index.php\/wp-json\/wp\/v2\/posts"}],"about":[{"href":"https:\/\/www.todoeldia.com\/index.php\/wp-json\/wp\/v2\/types\/post"}],"author":[{"embeddable":true,"href":"https:\/\/www.todoeldia.com\/index.php\/wp-json\/wp\/v2\/users\/2"}],"replies":[{"embeddable":true,"href":"https:\/\/www.todoeldia.com\/index.php\/wp-json\/wp\/v2\/comments?post=4739"}],"version-history":[{"count":2,"href":"https:\/\/www.todoeldia.com\/index.php\/wp-json\/wp\/v2\/posts\/4739\/revisions"}],"predecessor-version":[{"id":4742,"href":"https:\/\/www.todoeldia.com\/index.php\/wp-json\/wp\/v2\/posts\/4739\/revisions\/4742"}],"wp:featuredmedia":[{"embeddable":true,"href":"https:\/\/www.todoeldia.com\/index.php\/wp-json\/wp\/v2\/media\/4740"}],"wp:attachment":[{"href":"https:\/\/www.todoeldia.com\/index.php\/wp-json\/wp\/v2\/media?parent=4739"}],"wp:term":[{"taxonomy":"category","embeddable":true,"href":"https:\/\/www.todoeldia.com\/index.php\/wp-json\/wp\/v2\/categories?post=4739"},{"taxonomy":"post_tag","embeddable":true,"href":"https:\/\/www.todoeldia.com\/index.php\/wp-json\/wp\/v2\/tags?post=4739"}],"curies":[{"name":"wp","href":"https:\/\/api.w.org\/{rel}","templated":true}]}}