{"id":4754,"date":"2020-09-04T14:11:47","date_gmt":"2020-09-04T17:11:47","guid":{"rendered":"https:\/\/www.todoeldia.com\/?p=4754"},"modified":"2020-09-04T14:11:48","modified_gmt":"2020-09-04T17:11:48","slug":"alberto-fernandez-anuncio-un-megaplan-de-seguridad-para-el-conurbano-si-funciona-bajara-la-impunidad","status":"publish","type":"post","link":"https:\/\/www.todoeldia.com\/index.php\/2020\/09\/04\/alberto-fernandez-anuncio-un-megaplan-de-seguridad-para-el-conurbano-si-funciona-bajara-la-impunidad\/","title":{"rendered":"Alberto Fern\u00e1ndez anunci\u00f3 un megaplan de seguridad para el conurbano: \u201cSi funciona, bajar\u00e1 la impunidad\u201d"},"content":{"rendered":"\n<p>Contempla una inversi\u00f3n de $10.000 millones y el desembarco de 4.000 efectivos de fuerzas federales. Buscan reducir la ola de delitos y violencia.<\/p>\n\n\n\n<p>El presidente&nbsp;Alberto Fern\u00e1ndez&nbsp;anunci\u00f3 este viernes la puesta en marcha de un megaplan de seguridad para el conurbano, que implica el arribo de&nbsp;4.000 gendarmes&nbsp;y prefectos&nbsp;al territorio bonaerense y la inversi\u00f3n de&nbsp;10.000 millones de pesos en reequipamiento.<\/p>\n\n\n\n<p>\u201cUn buen Estado de derecho debe garantizar seguridad a la sociedad.&nbsp;S\u00e9 de las carencias de la Polic\u00eda de la Provincia de Buenos Aires.&nbsp;El tema de la inseguridad en el Gran Buenos Aires es, despu\u00e9s de la pandemia, lo que m\u00e1s nos preocupa\u201d, manifest\u00f3 el Presidente en el inicio de su presentaci\u00f3n.<\/p>\n\n\n\n<p>Visiblemente preocupado por los altos \u00edndices de delitos, asegur\u00f3: \u201cEl crimen organizado se instal\u00f3 en la Provincia\u201d.<\/p>\n\n\n\n<p>El proyecto contempla&nbsp;2.200 nuevos patrulleros;&nbsp;4000 paradas seguras&nbsp;con botones antip\u00e1nico y c\u00e1maras de seguridad; la construcci\u00f3n de 12 unidades carcelarias y la apertura de la inscripci\u00f3n a la fuerza con el objetivo de sumar&nbsp;10 mil nuevos agentes a la Bonaerense. El entrenamiento constar\u00e1 de 18 meses y Kicillof manifest\u00f3 que buscar\u00e1n una formaci\u00f3n \u201chumana\u201d de los efectivos.<\/p>\n\n\n\n<p>\u201cLas v\u00edctimas esperan la respuesta de la Justicia. Un buen Estado de derecho debe garantizar seguridad a la sociedad.&nbsp;S\u00e9 de las carencias de la Polic\u00eda de la Provincia de Buenos Aires\u201d, continu\u00f3 el mandatario desde la Quinta de Olivos.<\/p>\n\n\n\n<p><strong>Reequipamiento<\/strong><\/p>\n\n\n\n<p>Estos $10.000 millones se utilizar\u00e1n para la compra de&nbsp;equipamiento de seguridad. Entre estos se destacan chalecos antibalas, c\u00e1maras de seguridad, armamento, municiones, tecnolog\u00eda anal\u00edtica aplicada y m\u00f3viles policiales.<\/p>\n\n\n\n<p>\u201cEn la Provincia se instal\u00f3 el crimen organizado.&nbsp;Si este plan funciona, la impunidad bajar\u00e1. Y si la impunidad baja, nos demanda m\u00e1s lugar en las unidades carcelarias, por eso la construcci\u00f3n de nuevas\u201d, se\u00f1al\u00f3 el jefe de Estado.<\/p>\n\n\n\n<p><strong>Despliegue de fuerzas federales<\/strong><\/p>\n\n\n\n<p>Para el despliegue de 3957 agentes de las fuerzas federales el Gobierno invertir\u00e1 unos&nbsp;3.780 millones de pesos. Este traslado de agentes representar\u00e1 un incremento del 100% de estos agentes en el territorio bonaerense.<\/p>\n\n\n\n<p>\u201cLos delitos ocurren en las sociedades m\u00e1s desiguales y espero que la Justicia deje de ser selectiva y castigue a todos. Los necesito unidos para enfrentar el delito. Espero ayudar a calmar la pena de los que padecen la p\u00e9rdida de seres queridos en manos del delito\u201d, concluy\u00f3 el mandatario.<\/p>\n","protected":false},"excerpt":{"rendered":"<p>Contempla una inversi\u00f3n de $10.000 millones y el desembarco de 4.000 efectivos de fuerzas federales. Buscan reducir la ola de delitos y violencia. El presidente&nbsp;Alberto Fern\u00e1ndez&nbsp;anunci\u00f3 este viernes la puesta en marcha de un megaplan de seguridad para el conurbano, que implica el arribo de&nbsp;4.000 gendarmes&nbsp;y prefectos&nbsp;al territorio bonaerense y la inversi\u00f3n de&nbsp;10.000 millones de [&hellip;]<\/p>\n","protected":false},"author":2,"featured_media":4755,"comment_status":"open","ping_status":"open","sticky":false,"template":"","format":"standard","meta":{"tdm_status":"","tdm_grid_status":"","_joinchat":[],"footnotes":""},"categories":[73],"tags":[],"class_list":{"0":"post-4754","1":"post","2":"type-post","3":"status-publish","4":"format-standard","5":"has-post-thumbnail","7":"category-noticias-general"},"amp_enabled":true,"_links":{"self":[{"href":"https:\/\/www.todoeldia.com\/index.php\/wp-json\/wp\/v2\/posts\/4754","targetHints":{"allow":["GET"]}}],"collection":[{"href":"https:\/\/www.todoeldia.com\/index.php\/wp-json\/wp\/v2\/posts"}],"about":[{"href":"https:\/\/www.todoeldia.com\/index.php\/wp-json\/wp\/v2\/types\/post"}],"author":[{"embeddable":true,"href":"https:\/\/www.todoeldia.com\/index.php\/wp-json\/wp\/v2\/users\/2"}],"replies":[{"embeddable":true,"href":"https:\/\/www.todoeldia.com\/index.php\/wp-json\/wp\/v2\/comments?post=4754"}],"version-history":[{"count":1,"href":"https:\/\/www.todoeldia.com\/index.php\/wp-json\/wp\/v2\/posts\/4754\/revisions"}],"predecessor-version":[{"id":4756,"href":"https:\/\/www.todoeldia.com\/index.php\/wp-json\/wp\/v2\/posts\/4754\/revisions\/4756"}],"wp:featuredmedia":[{"embeddable":true,"href":"https:\/\/www.todoeldia.com\/index.php\/wp-json\/wp\/v2\/media\/4755"}],"wp:attachment":[{"href":"https:\/\/www.todoeldia.com\/index.php\/wp-json\/wp\/v2\/media?parent=4754"}],"wp:term":[{"taxonomy":"category","embeddable":true,"href":"https:\/\/www.todoeldia.com\/index.php\/wp-json\/wp\/v2\/categories?post=4754"},{"taxonomy":"post_tag","embeddable":true,"href":"https:\/\/www.todoeldia.com\/index.php\/wp-json\/wp\/v2\/tags?post=4754"}],"curies":[{"name":"wp","href":"https:\/\/api.w.org\/{rel}","templated":true}]}}