{"id":47744,"date":"2022-11-02T19:49:51","date_gmt":"2022-11-02T22:49:51","guid":{"rendered":"https:\/\/www.todoeldia.com\/?p=47744"},"modified":"2022-11-02T19:49:53","modified_gmt":"2022-11-02T22:49:53","slug":"detienen-en-el-carril-a-un-hombre-que-les-vendia-marihuana-a-menores","status":"publish","type":"post","link":"https:\/\/www.todoeldia.com\/index.php\/2022\/11\/02\/detienen-en-el-carril-a-un-hombre-que-les-vendia-marihuana-a-menores\/","title":{"rendered":"Detienen en El Carril a un hombre que les vend\u00eda marihuana a menores"},"content":{"rendered":"\n<p>Anoche fue allanada una vivienda en la localidad de El Carril que se encontraba bajo investigaci\u00f3n por venta de droga especialmente am menores.<\/p>\n\n\n\n<p>Fueron secuestradas dosis de marihuana, elementos empleados para el fraccionamiento y comercializaci\u00f3n, dinero en efectivo y celulares.<\/p>\n\n\n\n<p>La intervenci\u00f3n de la UFINAR inici\u00f3 el 19 de septiembre pasado, cuando un oficial de la Polic\u00eda de Salta inform\u00f3 que un grupo de vecinos de El Carril le hab\u00edan comunicado que un hombre de la zona comercializaba estupefacientes. A partir de all\u00ed, L\u00f3pez Soto orden\u00f3 se inicie una investigaci\u00f3n.<\/p>\n\n\n\n<p>Personal del Sector de Drogas Peligrosas, realiz\u00f3 distintas tareas bajo la direcci\u00f3n de la UFINAR, a fin de reunir las pruebas que permitieran demostrar la actividad il\u00edcita llevada adelante por el hombre, registrando que en m\u00e1s de una oportunidad intercambiaba \u201cpapelitos\u201d por dinero con menores de edad.<\/p>\n\n\n\n<p>Una vez recolectado el material necesario, el fiscal L\u00f3pez Soto solicit\u00f3 al Juzgado de Garant\u00edas autorizaci\u00f3n para allanar el domicilio del ahora imputado, medida que se concret\u00f3 el 1 de noviembre a las 23:55.<\/p>\n\n\n\n<p>El hombre detenido fue alojado en la Alcaid\u00eda General de la Provincia e imputado esta ma\u00f1ana por tenencia de estupefacientes con fines de comercializaci\u00f3n agravada por cometer el hecho en perjuicio de menores de edad. Durante la audiencia, fue asistido por un defensor oficial y se neg\u00f3 a prestar declaraci\u00f3n.<\/p>\n","protected":false},"excerpt":{"rendered":"<p>Anoche fue allanada una vivienda en la localidad de El Carril que se encontraba bajo investigaci\u00f3n por venta de droga especialmente am menores. Fueron secuestradas dosis de marihuana, elementos empleados para el fraccionamiento y comercializaci\u00f3n, dinero en efectivo y celulares. La intervenci\u00f3n de la UFINAR inici\u00f3 el 19 de septiembre pasado, cuando un oficial de [&hellip;]<\/p>\n","protected":false},"author":2,"featured_media":31258,"comment_status":"open","ping_status":"open","sticky":false,"template":"","format":"standard","meta":{"tdm_status":"","tdm_grid_status":"","_joinchat":[],"footnotes":""},"categories":[63],"tags":[],"class_list":{"0":"post-47744","1":"post","2":"type-post","3":"status-publish","4":"format-standard","5":"has-post-thumbnail","7":"category-policiales"},"amp_enabled":true,"_links":{"self":[{"href":"https:\/\/www.todoeldia.com\/index.php\/wp-json\/wp\/v2\/posts\/47744","targetHints":{"allow":["GET"]}}],"collection":[{"href":"https:\/\/www.todoeldia.com\/index.php\/wp-json\/wp\/v2\/posts"}],"about":[{"href":"https:\/\/www.todoeldia.com\/index.php\/wp-json\/wp\/v2\/types\/post"}],"author":[{"embeddable":true,"href":"https:\/\/www.todoeldia.com\/index.php\/wp-json\/wp\/v2\/users\/2"}],"replies":[{"embeddable":true,"href":"https:\/\/www.todoeldia.com\/index.php\/wp-json\/wp\/v2\/comments?post=47744"}],"version-history":[{"count":1,"href":"https:\/\/www.todoeldia.com\/index.php\/wp-json\/wp\/v2\/posts\/47744\/revisions"}],"predecessor-version":[{"id":47745,"href":"https:\/\/www.todoeldia.com\/index.php\/wp-json\/wp\/v2\/posts\/47744\/revisions\/47745"}],"wp:featuredmedia":[{"embeddable":true,"href":"https:\/\/www.todoeldia.com\/index.php\/wp-json\/wp\/v2\/media\/31258"}],"wp:attachment":[{"href":"https:\/\/www.todoeldia.com\/index.php\/wp-json\/wp\/v2\/media?parent=47744"}],"wp:term":[{"taxonomy":"category","embeddable":true,"href":"https:\/\/www.todoeldia.com\/index.php\/wp-json\/wp\/v2\/categories?post=47744"},{"taxonomy":"post_tag","embeddable":true,"href":"https:\/\/www.todoeldia.com\/index.php\/wp-json\/wp\/v2\/tags?post=47744"}],"curies":[{"name":"wp","href":"https:\/\/api.w.org\/{rel}","templated":true}]}}