{"id":47746,"date":"2022-11-02T19:57:16","date_gmt":"2022-11-02T22:57:16","guid":{"rendered":"https:\/\/www.todoeldia.com\/?p=47746"},"modified":"2022-11-02T19:57:18","modified_gmt":"2022-11-02T22:57:18","slug":"una-mujer-fuera-de-juicio-agredio-con-un-cuchillo-a-madre-e-hija-en-rosario-de-la-frontera","status":"publish","type":"post","link":"https:\/\/www.todoeldia.com\/index.php\/2022\/11\/02\/una-mujer-fuera-de-juicio-agredio-con-un-cuchillo-a-madre-e-hija-en-rosario-de-la-frontera\/","title":{"rendered":"Una mujer fuera de juicio agredi\u00f3 con un cuchillo a madre e hija en Rosario de la Frontera"},"content":{"rendered":"\n<p>Una mujer de 31 a\u00f1os fue detenida e imputada por un hecho ocurrido el pasado domingo en barrio Ram\u00f3n Abdala de Rosario de la Frontera luego de lesionar y amenazar a una madre y a su hija.<\/p>\n\n\n\n<p>El fiscal penal de Rosario de la Frontera, Oscar L\u00f3pez Ibarra, imput\u00f3 en forma provisional a la mujer como autora de los delitos de amenazas, lesiones y da\u00f1os.<\/p>\n\n\n\n<p>La denuncia fue realizada por una vecina de barrio Ram\u00f3n Abdala de esa ciudad, quien relata que el pasado domingo por la tarde, se present\u00f3 la acusada en su domicilio, pese a tener prohibici\u00f3n de acercamiento, comenz\u00f3 a insultarla y amenazarla; luego con un arma blanca, comenz\u00f3 a lanzar estocadas, lesionando a su hija que se encontraba en el lugar. Finalmente arroj\u00f3 al suelo la motocicleta en la que circulaba y la lesion\u00f3 en una pierna.<\/p>\n\n\n\n<p>Cuando lleg\u00f3 personal policial, comenz\u00f3 a arrojar elementos contundentes contra la propiedad y da\u00f1\u00f3 una ventana.<\/p>\n\n\n\n<p>Tras la audiencia de imputaci\u00f3n, la mujer permanece con detenci\u00f3n domiciliaria.&nbsp;<\/p>\n","protected":false},"excerpt":{"rendered":"<p>Una mujer de 31 a\u00f1os fue detenida e imputada por un hecho ocurrido el pasado domingo en barrio Ram\u00f3n Abdala de Rosario de la Frontera luego de lesionar y amenazar a una madre y a su hija. El fiscal penal de Rosario de la Frontera, Oscar L\u00f3pez Ibarra, imput\u00f3 en forma provisional a la mujer [&hellip;]<\/p>\n","protected":false},"author":2,"featured_media":31385,"comment_status":"open","ping_status":"open","sticky":false,"template":"","format":"standard","meta":{"tdm_status":"","tdm_grid_status":"","_joinchat":[],"footnotes":""},"categories":[63],"tags":[],"class_list":{"0":"post-47746","1":"post","2":"type-post","3":"status-publish","4":"format-standard","5":"has-post-thumbnail","7":"category-policiales"},"amp_enabled":true,"_links":{"self":[{"href":"https:\/\/www.todoeldia.com\/index.php\/wp-json\/wp\/v2\/posts\/47746","targetHints":{"allow":["GET"]}}],"collection":[{"href":"https:\/\/www.todoeldia.com\/index.php\/wp-json\/wp\/v2\/posts"}],"about":[{"href":"https:\/\/www.todoeldia.com\/index.php\/wp-json\/wp\/v2\/types\/post"}],"author":[{"embeddable":true,"href":"https:\/\/www.todoeldia.com\/index.php\/wp-json\/wp\/v2\/users\/2"}],"replies":[{"embeddable":true,"href":"https:\/\/www.todoeldia.com\/index.php\/wp-json\/wp\/v2\/comments?post=47746"}],"version-history":[{"count":1,"href":"https:\/\/www.todoeldia.com\/index.php\/wp-json\/wp\/v2\/posts\/47746\/revisions"}],"predecessor-version":[{"id":47747,"href":"https:\/\/www.todoeldia.com\/index.php\/wp-json\/wp\/v2\/posts\/47746\/revisions\/47747"}],"wp:featuredmedia":[{"embeddable":true,"href":"https:\/\/www.todoeldia.com\/index.php\/wp-json\/wp\/v2\/media\/31385"}],"wp:attachment":[{"href":"https:\/\/www.todoeldia.com\/index.php\/wp-json\/wp\/v2\/media?parent=47746"}],"wp:term":[{"taxonomy":"category","embeddable":true,"href":"https:\/\/www.todoeldia.com\/index.php\/wp-json\/wp\/v2\/categories?post=47746"},{"taxonomy":"post_tag","embeddable":true,"href":"https:\/\/www.todoeldia.com\/index.php\/wp-json\/wp\/v2\/tags?post=47746"}],"curies":[{"name":"wp","href":"https:\/\/api.w.org\/{rel}","templated":true}]}}