{"id":47756,"date":"2022-11-02T21:17:09","date_gmt":"2022-11-03T00:17:09","guid":{"rendered":"https:\/\/www.todoeldia.com\/?p=47756"},"modified":"2022-11-02T21:17:11","modified_gmt":"2022-11-03T00:17:11","slug":"murio-en-jujuy-al-chocar-con-un-arbol-un-salteno-domiciliado-en-san-carlos","status":"publish","type":"post","link":"https:\/\/www.todoeldia.com\/index.php\/2022\/11\/02\/murio-en-jujuy-al-chocar-con-un-arbol-un-salteno-domiciliado-en-san-carlos\/","title":{"rendered":"Muri\u00f3 en Jujuy al chocar con un \u00e1rbol un salte\u00f1o domiciliado en San Carlos"},"content":{"rendered":"\n<p>El hecho ocurri\u00f3 en la tarde de este mi\u00e9rcoles, en la Ruta Provincial N\u00b0 1, seg\u00fan pudo conocer Somos Jujuy.<\/p>\n\n\n\n<p>El protagonista del siniestro vial fatal es un hombre de 65 a\u00f1os con domicilio en San Carlos, provincia de Salta. De acuerdo a las primeras informaciones del caso, circulaba solo en una camioneta Fiat modelo Strada, de color blanco.<\/p>\n\n\n\n<figure class=\"wp-block-image size-full\"><img loading=\"lazy\" decoding=\"async\" width=\"993\" height=\"610\" src=\"https:\/\/www.todoeldia.com\/wp-content\/uploads\/2022\/11\/image-7.png\" alt=\"\" class=\"wp-image-47758\" srcset=\"https:\/\/www.todoeldia.com\/wp-content\/uploads\/2022\/11\/image-7.png 993w, https:\/\/www.todoeldia.com\/wp-content\/uploads\/2022\/11\/image-7-300x184.png 300w, https:\/\/www.todoeldia.com\/wp-content\/uploads\/2022\/11\/image-7-768x472.png 768w, https:\/\/www.todoeldia.com\/wp-content\/uploads\/2022\/11\/image-7-696x428.png 696w, https:\/\/www.todoeldia.com\/wp-content\/uploads\/2022\/11\/image-7-684x420.png 684w, https:\/\/www.todoeldia.com\/wp-content\/uploads\/2022\/11\/image-7-356x220.png 356w\" sizes=\"auto, (max-width: 993px) 100vw, 993px\" \/><\/figure>\n\n\n\n<p>El incidente tuvo lugar en la zona cercana a las aguas termales de la localidad, un espacio que es utilizado para el turismo y el esparcimiento. El conductor del veh\u00edculo perdi\u00f3 el control por causas que son materia de investigaci\u00f3n, una de las hip\u00f3tesis es que sufri\u00f3 alg\u00fan tipo de problema de salud.<\/p>\n\n\n\n<p>Informaron a Somos Jujuy que agentes de la comisar\u00eda del sector acudieron al tramo donde ocurri\u00f3 la tragedia. Tambi\u00e9n tom\u00f3 intervenci\u00f3n personal de Criminal\u00edstica.<\/p>\n\n\n\n<p>Luego de las pericias de rigor, el ayudante fiscal que intervino en el hecho determin\u00f3 que el cuerpo de la v\u00edctima sea trasladado a la morgue del hospital Oscar Or\u00edas de Libertador General San Mart\u00edn.<\/p>\n\n\n\n<p>Otras dos personas murieron por un siniestro en la ruta 34 este mi\u00e9rcoles<\/p>\n\n\n\n<figure class=\"wp-block-image size-full\"><img loading=\"lazy\" decoding=\"async\" width=\"912\" height=\"513\" src=\"https:\/\/www.todoeldia.com\/wp-content\/uploads\/2022\/11\/image-8.png\" alt=\"\" class=\"wp-image-47759\" srcset=\"https:\/\/www.todoeldia.com\/wp-content\/uploads\/2022\/11\/image-8.png 912w, https:\/\/www.todoeldia.com\/wp-content\/uploads\/2022\/11\/image-8-300x169.png 300w, https:\/\/www.todoeldia.com\/wp-content\/uploads\/2022\/11\/image-8-768x432.png 768w, https:\/\/www.todoeldia.com\/wp-content\/uploads\/2022\/11\/image-8-696x392.png 696w, https:\/\/www.todoeldia.com\/wp-content\/uploads\/2022\/11\/image-8-747x420.png 747w\" sizes=\"auto, (max-width: 912px) 100vw, 912px\" \/><\/figure>\n\n\n\n<p>Este mi\u00e9rcoles, antes de las 6 de la ma\u00f1ana, se registr\u00f3 un nuevo siniestro vial sobre Ruta 34 donde se vieron involucrados dos veh\u00edculos: una camioneta Kangoo de color blanco y un cami\u00f3n mosquito marca Scania que proven\u00eda de Paraguay.<\/p>\n\n\n\n<p>La Comisario Inspector, Fabiana Chaile de la Unidad Regional 4, inform\u00f3 que la camioneta proven\u00eda de Perico con destino hacia Aguas Blancas e impact\u00f3 contra el cami\u00f3n que circulaba en sentido contrario.<\/p>\n\n\n\n<p>Se pudo establecer que en el rodado de menor porte viajaban tres ocupantes, una mujer que perdi\u00f3 la vida de forma instant\u00e1nea y dos hombres que fueron derivados al hospital Oscar Or\u00edas.<\/p>\n\n\n\n<p>Luego, Manuela Cabello, directora del hospital, confirm\u00f3 en exclusivo a Somos Jujuy que minutos m\u00e1s tardes, se confirm\u00f3 el deceso de otro de los ocupantes. Se trata de un menor de 15 a\u00f1os de edad que presentaba un politraumatismo grave.<\/p>\n","protected":false},"excerpt":{"rendered":"<p>El hecho ocurri\u00f3 en la tarde de este mi\u00e9rcoles, en la Ruta Provincial N\u00b0 1, seg\u00fan pudo conocer Somos Jujuy. El protagonista del siniestro vial fatal es un hombre de 65 a\u00f1os con domicilio en San Carlos, provincia de Salta. De acuerdo a las primeras informaciones del caso, circulaba solo en una camioneta Fiat modelo [&hellip;]<\/p>\n","protected":false},"author":2,"featured_media":47757,"comment_status":"open","ping_status":"open","sticky":false,"template":"","format":"standard","meta":{"tdm_status":"","tdm_grid_status":"","_joinchat":[],"footnotes":""},"categories":[63],"tags":[],"class_list":{"0":"post-47756","1":"post","2":"type-post","3":"status-publish","4":"format-standard","5":"has-post-thumbnail","7":"category-policiales"},"amp_enabled":true,"_links":{"self":[{"href":"https:\/\/www.todoeldia.com\/index.php\/wp-json\/wp\/v2\/posts\/47756","targetHints":{"allow":["GET"]}}],"collection":[{"href":"https:\/\/www.todoeldia.com\/index.php\/wp-json\/wp\/v2\/posts"}],"about":[{"href":"https:\/\/www.todoeldia.com\/index.php\/wp-json\/wp\/v2\/types\/post"}],"author":[{"embeddable":true,"href":"https:\/\/www.todoeldia.com\/index.php\/wp-json\/wp\/v2\/users\/2"}],"replies":[{"embeddable":true,"href":"https:\/\/www.todoeldia.com\/index.php\/wp-json\/wp\/v2\/comments?post=47756"}],"version-history":[{"count":1,"href":"https:\/\/www.todoeldia.com\/index.php\/wp-json\/wp\/v2\/posts\/47756\/revisions"}],"predecessor-version":[{"id":47760,"href":"https:\/\/www.todoeldia.com\/index.php\/wp-json\/wp\/v2\/posts\/47756\/revisions\/47760"}],"wp:featuredmedia":[{"embeddable":true,"href":"https:\/\/www.todoeldia.com\/index.php\/wp-json\/wp\/v2\/media\/47757"}],"wp:attachment":[{"href":"https:\/\/www.todoeldia.com\/index.php\/wp-json\/wp\/v2\/media?parent=47756"}],"wp:term":[{"taxonomy":"category","embeddable":true,"href":"https:\/\/www.todoeldia.com\/index.php\/wp-json\/wp\/v2\/categories?post=47756"},{"taxonomy":"post_tag","embeddable":true,"href":"https:\/\/www.todoeldia.com\/index.php\/wp-json\/wp\/v2\/tags?post=47756"}],"curies":[{"name":"wp","href":"https:\/\/api.w.org\/{rel}","templated":true}]}}