{"id":47761,"date":"2022-11-02T21:22:50","date_gmt":"2022-11-03T00:22:50","guid":{"rendered":"https:\/\/www.todoeldia.com\/?p=47761"},"modified":"2022-11-02T21:22:52","modified_gmt":"2022-11-03T00:22:52","slug":"la-emotiva-arenga-de-lionel-messi-antes-de-la-final-de-la-copa-america-contra-brasil","status":"publish","type":"post","link":"https:\/\/www.todoeldia.com\/index.php\/2022\/11\/02\/la-emotiva-arenga-de-lionel-messi-antes-de-la-final-de-la-copa-america-contra-brasil\/","title":{"rendered":"La emotiva arenga de Lionel Messi antes de la final de la Copa Am\u00e9rica contra Brasil"},"content":{"rendered":"\n<p>El video in\u00e9dito se volvi\u00f3 viral. El capit\u00e1n de la Selecci\u00f3n Argentina dio un fuerte mensaje para sus compa\u00f1eros en la previa de la consagraci\u00f3n.<\/p>\n\n\n\n<p>El 10 de julio de 2021 la Selecci\u00f3n argentina salt\u00f3 al campo de juego del Maracan\u00e1 para hacer historia. El elenco comandado por Lionel Messi venci\u00f3 a Brasil 1 a 0 y conquist\u00f3 la Copa Am\u00e9rica por primera vez en 28 a\u00f1os para romper as\u00ed lo que parec\u00eda ser un maleficio en el que estaba inmerso el combinado nacional. Ahora, la plataforma Netflix anunci\u00f3 el estreno de un documental que repasa el camino hacia la gloria.<\/p>\n\n\n\n<p>Sean eternos fue bautizada la mini serie en la que se puede observar el detr\u00e1s de escena de la Scaloneta y en su primer adelanto se vio a un Messi como pocas veces. &#8220;Siempre ten\u00eda en la cabeza el porqu\u00e9. \u00bfPor qu\u00e9 no se me dio?. Una de todas las que tuvimos aunque sea&#8221;, comienza relatando el capit\u00e1n de la Albiceleste en el tr\u00e1iler publicado este martes, a un d\u00eda del estreno.<\/p>\n\n\n\n<p>&#8220;Me hab\u00eda golpeado y vuelto a levantar. Me hab\u00eda vuelto a caer y as\u00ed y todo ten\u00eda en la cabeza que se me iba a dar&#8221;, declara emocionado el Diez que asegura: &#8220;Siempre tuve una cuenta pendiente conmigo y con mi pa\u00eds&#8221;. Si eso era cierto, esa cuenta qued\u00f3 saldada para siempre con ese triunfo ante Brasil.<\/p>\n\n\n\n<p>Entre los que participaron del documental que estar\u00e1 disponible a partir del 3 de noviembre est\u00e1 todo el plantel de la selecci\u00f3n argentina de aquel certamen, el entrenador, Lionel Scaloni, e incluso ex compa\u00f1eros de Messi en el Barcelona como Xavi Hern\u00e1ndez y Neymar, quien sigue compartiendo vestuario con La Pulga en el Par\u00eds Saint-Germain (PSG).<\/p>\n\n\n\n<p>Adem\u00e1s, en las redes sociales se filtr\u00f3 un momento emocionante que le puso la piel de gallina a los usuarios: la arenga previa a la final. Antes de saltar al campo de juego del Maracan\u00e1, el capit\u00e1n junt\u00f3 a todo el equipo e improvis\u00f3 un discurso \u00e9pico que llen\u00f3 de orgullo a sus compa\u00f1eros y cre\u00f3 un clima \u00fanico en el vestuario. Con sus palabras, Leo hizo un repaso por todo lo que hab\u00eda sucedido durante aquel certamen, desde la mudanza de sede de la Argentina a Brasil, el aislamiento por el COVID-19, el sacrificio realizado por todos y la uni\u00f3n que se hab\u00eda generado en el grupo.<\/p>\n\n\n\n<figure class=\"wp-block-embed is-type-video is-provider-youtube wp-block-embed-youtube wp-embed-aspect-16-9 wp-has-aspect-ratio\"><div class=\"wp-block-embed__wrapper\">\n<iframe loading=\"lazy\" title=\"La previa a la gloria: la emocionante arenga de Messi antes de la final de la Copa Am\u00e9rica\" width=\"696\" height=\"392\" src=\"https:\/\/www.youtube.com\/embed\/ilXeI9sBBLY?feature=oembed\" frameborder=\"0\" allow=\"accelerometer; autoplay; clipboard-write; encrypted-media; gyroscope; picture-in-picture\" allowfullscreen><\/iframe>\n<\/div><\/figure>\n\n\n\n<p><\/p>\n\n\n\n<p>&#8220;Ya sabemos lo que es Argentina, lo que es Brasil. Hoy no quiero decir nada de eso, hoy quiero darles las gracias muchachos, quiero darles las gracias por estos 45 d\u00edas. Se los dije el d\u00eda de mi cumplea\u00f1os: se arm\u00f3 un grupo espectacular, un grupo hermoso y lo disfrut\u00e9 much\u00edsimo. 45 d\u00edas en donde no nos quejamos de los viajes, de la comida, de los hoteles, de la cancha, de nada. \u00a145 d\u00edas sin ver a nuestra familia muchachos, 45 d\u00edas! El Dibu (Emiliano Mart\u00ednez) fue pap\u00e1&#8230; fue pap\u00e1 y no pudo ver a la hija todav\u00eda, no le pudo hacer upa. El Chino (Mart\u00ednez Quarta) igual, lo vio un ratito no m\u00e1s y \u00bftodo por qu\u00e9? por este momento. Porque ten\u00edamos un objetivo muchachos, ten\u00edamos un objetivo y estamos a un pasito de conseguirlo, a un pasito. \u00bfY saben qu\u00e9 es lo mejor de todo? Que depende de nosotros. Depende de nosotros ganar esta Copa. As\u00ed que por eso ahora vamos a salir, vamos a levantar esa copa y la vamos a llevar para la Argentina, para disfrutarla con nuestra familia, con nuestros amigos, con la gente que banc\u00f3 siempre a la Argentina. Lo \u00faltimo, y con esto termino: no existen las casualidades. \u00bfSaben qu\u00e9? esta Copa se ten\u00eda que jugar en la Argentina y Dios la trajo ac\u00e1 para que la levantemos en el Maracan\u00e1, para que sea m\u00e1s lindo para todos. As\u00ed que salgamos confiados y tranquilos que esta la vamos a llevar para casa&#8221;, exclam\u00f3 el capit\u00e1n en una arenga que podr\u00e1 verse completa en la serie que se estrenar\u00e1 este 3 de noviembre.<\/p>\n\n\n\n<p>Tras ese discurso, los jugadores salieron al campo de juego y vencieron a Brasil 1 a 0 con el gol de \u00c1ngel Di Mar\u00eda, otro de los protagonistas del documental que se emocion\u00f3 al explicar que este trofeo vale m\u00e1s que cualquiera de los otros que consigui\u00f3 con Benfica, Real Madrid o PSG.<\/p>\n\n\n\n<p>Sean eternos repasa de manera \u00fanica el camino de la selecci\u00f3n argentina en la Copa Am\u00e9rica 2021 que le permiti\u00f3 al combinado nacional conformar un grupo que hoy es sost\u00e9n de la Scaloneta y que adem\u00e1s les dio lugar a nuevos h\u00e9roes del equipo, como Dibu Mart\u00ednez, quien fue titular por una lesi\u00f3n de Franco Armani y nunca m\u00e1s dej\u00f3 el arco. A 18 d\u00edas para el inicio del Mundial, esta miniserie parece ser una escala obligatoria antes de Qatar para todos los fan\u00e1ticos.<\/p>\n","protected":false},"excerpt":{"rendered":"<p>El video in\u00e9dito se volvi\u00f3 viral. El capit\u00e1n de la Selecci\u00f3n Argentina dio un fuerte mensaje para sus compa\u00f1eros en la previa de la consagraci\u00f3n. El 10 de julio de 2021 la Selecci\u00f3n argentina salt\u00f3 al campo de juego del Maracan\u00e1 para hacer historia. El elenco comandado por Lionel Messi venci\u00f3 a Brasil 1 a [&hellip;]<\/p>\n","protected":false},"author":2,"featured_media":47762,"comment_status":"open","ping_status":"open","sticky":false,"template":"","format":"standard","meta":{"tdm_status":"","tdm_grid_status":"","_joinchat":[],"footnotes":""},"categories":[62],"tags":[],"class_list":{"0":"post-47761","1":"post","2":"type-post","3":"status-publish","4":"format-standard","5":"has-post-thumbnail","7":"category-deportes"},"amp_enabled":true,"_links":{"self":[{"href":"https:\/\/www.todoeldia.com\/index.php\/wp-json\/wp\/v2\/posts\/47761","targetHints":{"allow":["GET"]}}],"collection":[{"href":"https:\/\/www.todoeldia.com\/index.php\/wp-json\/wp\/v2\/posts"}],"about":[{"href":"https:\/\/www.todoeldia.com\/index.php\/wp-json\/wp\/v2\/types\/post"}],"author":[{"embeddable":true,"href":"https:\/\/www.todoeldia.com\/index.php\/wp-json\/wp\/v2\/users\/2"}],"replies":[{"embeddable":true,"href":"https:\/\/www.todoeldia.com\/index.php\/wp-json\/wp\/v2\/comments?post=47761"}],"version-history":[{"count":1,"href":"https:\/\/www.todoeldia.com\/index.php\/wp-json\/wp\/v2\/posts\/47761\/revisions"}],"predecessor-version":[{"id":47763,"href":"https:\/\/www.todoeldia.com\/index.php\/wp-json\/wp\/v2\/posts\/47761\/revisions\/47763"}],"wp:featuredmedia":[{"embeddable":true,"href":"https:\/\/www.todoeldia.com\/index.php\/wp-json\/wp\/v2\/media\/47762"}],"wp:attachment":[{"href":"https:\/\/www.todoeldia.com\/index.php\/wp-json\/wp\/v2\/media?parent=47761"}],"wp:term":[{"taxonomy":"category","embeddable":true,"href":"https:\/\/www.todoeldia.com\/index.php\/wp-json\/wp\/v2\/categories?post=47761"},{"taxonomy":"post_tag","embeddable":true,"href":"https:\/\/www.todoeldia.com\/index.php\/wp-json\/wp\/v2\/tags?post=47761"}],"curies":[{"name":"wp","href":"https:\/\/api.w.org\/{rel}","templated":true}]}}