{"id":47803,"date":"2022-11-04T10:45:07","date_gmt":"2022-11-04T13:45:07","guid":{"rendered":"https:\/\/www.todoeldia.com\/?p=47803"},"modified":"2022-11-04T10:45:09","modified_gmt":"2022-11-04T13:45:09","slug":"cayo-peligroso-delincuente-en-oran-que-atemorizaba-a-todo-un-barrio","status":"publish","type":"post","link":"https:\/\/www.todoeldia.com\/index.php\/2022\/11\/04\/cayo-peligroso-delincuente-en-oran-que-atemorizaba-a-todo-un-barrio\/","title":{"rendered":"Cay\u00f3 peligroso delincuente en Or\u00e1n que atemorizaba a todo un barrio"},"content":{"rendered":"\n<p>Un hombre de 25 a\u00f1os fue detenido e imputado por un violento hecho ocurrido este mi\u00e9rcoles en un comercio de la ciudad de Or\u00e1n. Est\u00e1 acusado de amenazar con armas y causar da\u00f1os, cuando intentaba robar en un negocio.<\/p>\n\n\n\n<p>La fiscal penal 1 de Or\u00e1n, Daniela Mur\u00faa, imput\u00f3 en forma provisional a un hombre de 25 a\u00f1os como autor de los delitos de tentativa de robo con arma, amenazas con arma de fuego, amenazas con arma impropia y da\u00f1os (dos hechos) en concurso real.<\/p>\n\n\n\n<p>Este mi\u00e9rcoles, un comerciante de esa ciudad denunci\u00f3 que el acusado, quien es conocido en el ambiente delictivo, se present\u00f3 en su local, exigi\u00e9ndole un cigarrillo o \u201clo que tenga\u201d, y le exhibi\u00f3 un arma de fuego que ten\u00eda en la cintura. Ante la negativa, se ofusc\u00f3 y comenz\u00f3 a arrojar elementos contundentes, profiri\u00f3 amenazas y caus\u00f3 da\u00f1os en el lugar y en otra propiedad.<\/p>\n\n\n\n<p>Tambi\u00e9n un repartidor denunci\u00f3 que el acusado habr\u00eda intentado sustraer mercader\u00eda del cami\u00f3n y que su compa\u00f1ero, quien logr\u00f3 impedir el robo, fue amenazado con un cuchillo.<\/p>\n\n\n\n<p>Pudo conocerse que el acusado es vecino de la zona, que padece de adicciones y que posee antecedentes condenatorios.<\/p>\n\n\n\n<p>Acompa\u00f1ado de un defensor oficial, el acusado prest\u00f3 declaraci\u00f3n, dando su versi\u00f3n de lo ocurrido, y se solicit\u00f3 que se mantenga su detenci\u00f3n.<\/p>\n","protected":false},"excerpt":{"rendered":"<p>Un hombre de 25 a\u00f1os fue detenido e imputado por un violento hecho ocurrido este mi\u00e9rcoles en un comercio de la ciudad de Or\u00e1n. Est\u00e1 acusado de amenazar con armas y causar da\u00f1os, cuando intentaba robar en un negocio. La fiscal penal 1 de Or\u00e1n, Daniela Mur\u00faa, imput\u00f3 en forma provisional a un hombre de [&hellip;]<\/p>\n","protected":false},"author":2,"featured_media":38067,"comment_status":"open","ping_status":"open","sticky":false,"template":"","format":"standard","meta":{"tdm_status":"","tdm_grid_status":"","_joinchat":[],"footnotes":""},"categories":[63],"tags":[],"class_list":{"0":"post-47803","1":"post","2":"type-post","3":"status-publish","4":"format-standard","5":"has-post-thumbnail","7":"category-policiales"},"amp_enabled":true,"_links":{"self":[{"href":"https:\/\/www.todoeldia.com\/index.php\/wp-json\/wp\/v2\/posts\/47803","targetHints":{"allow":["GET"]}}],"collection":[{"href":"https:\/\/www.todoeldia.com\/index.php\/wp-json\/wp\/v2\/posts"}],"about":[{"href":"https:\/\/www.todoeldia.com\/index.php\/wp-json\/wp\/v2\/types\/post"}],"author":[{"embeddable":true,"href":"https:\/\/www.todoeldia.com\/index.php\/wp-json\/wp\/v2\/users\/2"}],"replies":[{"embeddable":true,"href":"https:\/\/www.todoeldia.com\/index.php\/wp-json\/wp\/v2\/comments?post=47803"}],"version-history":[{"count":1,"href":"https:\/\/www.todoeldia.com\/index.php\/wp-json\/wp\/v2\/posts\/47803\/revisions"}],"predecessor-version":[{"id":47804,"href":"https:\/\/www.todoeldia.com\/index.php\/wp-json\/wp\/v2\/posts\/47803\/revisions\/47804"}],"wp:featuredmedia":[{"embeddable":true,"href":"https:\/\/www.todoeldia.com\/index.php\/wp-json\/wp\/v2\/media\/38067"}],"wp:attachment":[{"href":"https:\/\/www.todoeldia.com\/index.php\/wp-json\/wp\/v2\/media?parent=47803"}],"wp:term":[{"taxonomy":"category","embeddable":true,"href":"https:\/\/www.todoeldia.com\/index.php\/wp-json\/wp\/v2\/categories?post=47803"},{"taxonomy":"post_tag","embeddable":true,"href":"https:\/\/www.todoeldia.com\/index.php\/wp-json\/wp\/v2\/tags?post=47803"}],"curies":[{"name":"wp","href":"https:\/\/api.w.org\/{rel}","templated":true}]}}