{"id":48042,"date":"2022-11-08T09:33:42","date_gmt":"2022-11-08T12:33:42","guid":{"rendered":"https:\/\/www.todoeldia.com\/?p=48042"},"modified":"2022-11-08T09:33:44","modified_gmt":"2022-11-08T12:33:44","slug":"una-quema-controlada-provoco-el-incendio-de-anoche-en-oran","status":"publish","type":"post","link":"https:\/\/www.todoeldia.com\/index.php\/2022\/11\/08\/una-quema-controlada-provoco-el-incendio-de-anoche-en-oran\/","title":{"rendered":"Una quema \u201ccontrolada\u201d provoc\u00f3 el incendio de anoche en Or\u00e1n"},"content":{"rendered":"\n<p>Las impactantes im\u00e1genes del incendio de grandes proporciones ocurrido en la madrugada en la ciudad de Or\u00e1n generaron p\u00e1nico en la poblaci\u00f3n norte\u00f1a ya que el mismo lleg\u00f3 a las proximidades de la localidad cabecera del departamento.<\/p>\n\n\n\n<p>El foco \u00edgneo se ubic\u00f3 en el lateral oeste de la ruta nacional 50 donde la empresa Seaboard tiene plantaciones de ca\u00f1a de az\u00facar. En un primer momento se mencion\u00f3 que se trataba de una quema \u201ccontrolada\u201d que provoc\u00f3 el incendio, esto fue confirmado a NORTE YA por Daniel Guzm\u00e1n, coordinador de Defensa Civil de Or\u00e1n.<\/p>\n\n\n\n<p>El fuego fue controlado, pero el da\u00f1o ambiental contin\u00faa y comenz\u00f3 a afectar a la poblaci\u00f3n por la gran cantidad de humo que tom\u00f3 toda la ciudad y la regi\u00f3n.<\/p>\n\n\n\n<p>La supervisora de escuelas primarias de la ciudad de Or\u00e1n, Carolina Quirino, inform\u00f3 que se suspendieron las actividades al aire libre entre ellas las clases de educaci\u00f3n f\u00edsica y se evaluar\u00e1n otras medidas a tomar en las pr\u00f3ximas horas.<\/p>\n","protected":false},"excerpt":{"rendered":"<p>Las impactantes im\u00e1genes del incendio de grandes proporciones ocurrido en la madrugada en la ciudad de Or\u00e1n generaron p\u00e1nico en la poblaci\u00f3n norte\u00f1a ya que el mismo lleg\u00f3 a las proximidades de la localidad cabecera del departamento. El foco \u00edgneo se ubic\u00f3 en el lateral oeste de la ruta nacional 50 donde la empresa Seaboard [&hellip;]<\/p>\n","protected":false},"author":2,"featured_media":48043,"comment_status":"open","ping_status":"open","sticky":false,"template":"","format":"standard","meta":{"tdm_status":"","tdm_grid_status":"","_joinchat":[],"footnotes":""},"categories":[73],"tags":[],"class_list":{"0":"post-48042","1":"post","2":"type-post","3":"status-publish","4":"format-standard","5":"has-post-thumbnail","7":"category-noticias-general"},"amp_enabled":true,"_links":{"self":[{"href":"https:\/\/www.todoeldia.com\/index.php\/wp-json\/wp\/v2\/posts\/48042","targetHints":{"allow":["GET"]}}],"collection":[{"href":"https:\/\/www.todoeldia.com\/index.php\/wp-json\/wp\/v2\/posts"}],"about":[{"href":"https:\/\/www.todoeldia.com\/index.php\/wp-json\/wp\/v2\/types\/post"}],"author":[{"embeddable":true,"href":"https:\/\/www.todoeldia.com\/index.php\/wp-json\/wp\/v2\/users\/2"}],"replies":[{"embeddable":true,"href":"https:\/\/www.todoeldia.com\/index.php\/wp-json\/wp\/v2\/comments?post=48042"}],"version-history":[{"count":1,"href":"https:\/\/www.todoeldia.com\/index.php\/wp-json\/wp\/v2\/posts\/48042\/revisions"}],"predecessor-version":[{"id":48044,"href":"https:\/\/www.todoeldia.com\/index.php\/wp-json\/wp\/v2\/posts\/48042\/revisions\/48044"}],"wp:featuredmedia":[{"embeddable":true,"href":"https:\/\/www.todoeldia.com\/index.php\/wp-json\/wp\/v2\/media\/48043"}],"wp:attachment":[{"href":"https:\/\/www.todoeldia.com\/index.php\/wp-json\/wp\/v2\/media?parent=48042"}],"wp:term":[{"taxonomy":"category","embeddable":true,"href":"https:\/\/www.todoeldia.com\/index.php\/wp-json\/wp\/v2\/categories?post=48042"},{"taxonomy":"post_tag","embeddable":true,"href":"https:\/\/www.todoeldia.com\/index.php\/wp-json\/wp\/v2\/tags?post=48042"}],"curies":[{"name":"wp","href":"https:\/\/api.w.org\/{rel}","templated":true}]}}