{"id":48045,"date":"2022-11-08T09:44:02","date_gmt":"2022-11-08T12:44:02","guid":{"rendered":"https:\/\/www.todoeldia.com\/?p=48045"},"modified":"2022-11-08T09:44:05","modified_gmt":"2022-11-08T12:44:05","slug":"no-declaro-el-acusado-de-disparar-y-causar-la-muerte-de-un-hombre-en-la-verduleria-de-la-ruta-26","status":"publish","type":"post","link":"https:\/\/www.todoeldia.com\/index.php\/2022\/11\/08\/no-declaro-el-acusado-de-disparar-y-causar-la-muerte-de-un-hombre-en-la-verduleria-de-la-ruta-26\/","title":{"rendered":"No declar\u00f3 el acusado de disparar y causar la muerte de un hombre en la verduler\u00eda de la ruta 26"},"content":{"rendered":"\n<p>La fiscal penal M\u00f3nica Poma, interina en la Fiscal\u00eda Penal 2 de la Unidad de Graves Atentados contra las Personas, imput\u00f3 en forma provisional a un hombre de 63 a\u00f1os como autor del delito de homicidio agravado por el uso de arma de fuego en perjuicio de un hombre de 28 a\u00f1os.<\/p>\n\n\n\n<p>El hecho investigado ocurri\u00f3 este domingo en la intersecci\u00f3n de ruta provincial 26 y calle Mar de Java de la ciudad de Salta, cuando en circunstancias que se tratan de establecer, un hombre de 28 a\u00f1os sufri\u00f3 una herida de arma de fuego en la zona abdominal y tras ser asistido en el hospital San Bernardo, falleci\u00f3.<\/p>\n\n\n\n<p>De las primeras tareas desplegadas, se identific\u00f3 al acusado como principal sospechoso y se solicit\u00f3 su detenci\u00f3n.<\/p>\n\n\n\n<p>Acompa\u00f1ado de un defensor particular, el acusado se abstuvo de declarar y desde la Fiscal\u00eda se solicit\u00f3 su prisi\u00f3n preventiva, mientras se cumplen diversas medidas solicitadas para lograr el esclarecimiento del hecho.<\/p>\n\n\n\n<p>El hombre de 63 a\u00f1os era sereno de una verduler\u00eda ubicada en la zona, y las primeras versiones indicaban que el fallecido y otras personas intentaron agredirlo para robarle.<\/p>\n","protected":false},"excerpt":{"rendered":"<p>La fiscal penal M\u00f3nica Poma, interina en la Fiscal\u00eda Penal 2 de la Unidad de Graves Atentados contra las Personas, imput\u00f3 en forma provisional a un hombre de 63 a\u00f1os como autor del delito de homicidio agravado por el uso de arma de fuego en perjuicio de un hombre de 28 a\u00f1os. El hecho investigado [&hellip;]<\/p>\n","protected":false},"author":2,"featured_media":47102,"comment_status":"open","ping_status":"open","sticky":false,"template":"","format":"standard","meta":{"tdm_status":"","tdm_grid_status":"","_joinchat":[],"footnotes":""},"categories":[63],"tags":[],"class_list":{"0":"post-48045","1":"post","2":"type-post","3":"status-publish","4":"format-standard","5":"has-post-thumbnail","7":"category-policiales"},"amp_enabled":true,"_links":{"self":[{"href":"https:\/\/www.todoeldia.com\/index.php\/wp-json\/wp\/v2\/posts\/48045","targetHints":{"allow":["GET"]}}],"collection":[{"href":"https:\/\/www.todoeldia.com\/index.php\/wp-json\/wp\/v2\/posts"}],"about":[{"href":"https:\/\/www.todoeldia.com\/index.php\/wp-json\/wp\/v2\/types\/post"}],"author":[{"embeddable":true,"href":"https:\/\/www.todoeldia.com\/index.php\/wp-json\/wp\/v2\/users\/2"}],"replies":[{"embeddable":true,"href":"https:\/\/www.todoeldia.com\/index.php\/wp-json\/wp\/v2\/comments?post=48045"}],"version-history":[{"count":1,"href":"https:\/\/www.todoeldia.com\/index.php\/wp-json\/wp\/v2\/posts\/48045\/revisions"}],"predecessor-version":[{"id":48046,"href":"https:\/\/www.todoeldia.com\/index.php\/wp-json\/wp\/v2\/posts\/48045\/revisions\/48046"}],"wp:featuredmedia":[{"embeddable":true,"href":"https:\/\/www.todoeldia.com\/index.php\/wp-json\/wp\/v2\/media\/47102"}],"wp:attachment":[{"href":"https:\/\/www.todoeldia.com\/index.php\/wp-json\/wp\/v2\/media?parent=48045"}],"wp:term":[{"taxonomy":"category","embeddable":true,"href":"https:\/\/www.todoeldia.com\/index.php\/wp-json\/wp\/v2\/categories?post=48045"},{"taxonomy":"post_tag","embeddable":true,"href":"https:\/\/www.todoeldia.com\/index.php\/wp-json\/wp\/v2\/tags?post=48045"}],"curies":[{"name":"wp","href":"https:\/\/api.w.org\/{rel}","templated":true}]}}