{"id":48049,"date":"2022-11-08T09:53:12","date_gmt":"2022-11-08T12:53:12","guid":{"rendered":"https:\/\/www.todoeldia.com\/?p=48049"},"modified":"2022-11-08T09:53:14","modified_gmt":"2022-11-08T12:53:14","slug":"una-pareja-de-cachi-entro-a-una-casa-y-se-afanaron-todo","status":"publish","type":"post","link":"https:\/\/www.todoeldia.com\/index.php\/2022\/11\/08\/una-pareja-de-cachi-entro-a-una-casa-y-se-afanaron-todo\/","title":{"rendered":"Una pareja de Cachi entr\u00f3 a una casa y se afanaron todo"},"content":{"rendered":"\n<p>El hombre y la mujer sustrajeron varios objetos de un domicilio particular los cuales fueron restituidos, previa requisa voluntaria.<\/p>\n\n\n\n<p>El fiscal de Cachi, Daniel Escalante, imput\u00f3 de manera provisional por el delito de hurto, a un hombre de 22 a\u00f1os y una mujer de 31.<\/p>\n\n\n\n<p>El hecho investigado se produjo a fines de septiembre pasado, cuando ambos acusados ingresaron a un inmueble de Barrio Luj\u00e1n-Zona Alta y, sin violentar puertas y ventanas, habr\u00edan sustra\u00eddo diversos elementos.<\/p>\n\n\n\n<p>Entre los objetos se cuentan: un televisor Smart de 50 pulgadas, un microondas, dos secadores, una heladera, una garrafa de 10 kilos, una balanza digital, una radio reloj, una computadora, una olla el\u00e9ctrica, una consola de sonido, acolchado y frazadas, entre otros elementos.<\/p>\n\n\n\n<p>Todas las pertenencias fueron encontradas en la vivienda de los imputados, conforme surge de la requisa voluntaria que se realiz\u00f3 el pasado 4 de noviembre.<\/p>\n\n\n\n<p>Durante la audiencia de imputaci\u00f3n, ambos se abstuvieron de declarar y solicitaron la aplicaci\u00f3n de un criterio de oportunidad, ofreciendo la suma de $10.000 cada uno, en concepto de reparaci\u00f3n por los da\u00f1os.<\/p>\n\n\n\n<p>Por su parte, el fiscal Escalante solicit\u00f3 ante el Juzgado de Garant\u00edas en turno, mantenimiento de detenci\u00f3n.<\/p>\n","protected":false},"excerpt":{"rendered":"<p>El hombre y la mujer sustrajeron varios objetos de un domicilio particular los cuales fueron restituidos, previa requisa voluntaria. El fiscal de Cachi, Daniel Escalante, imput\u00f3 de manera provisional por el delito de hurto, a un hombre de 22 a\u00f1os y una mujer de 31. El hecho investigado se produjo a fines de septiembre pasado, [&hellip;]<\/p>\n","protected":false},"author":2,"featured_media":47839,"comment_status":"open","ping_status":"open","sticky":false,"template":"","format":"standard","meta":{"tdm_status":"","tdm_grid_status":"","_joinchat":[],"footnotes":""},"categories":[63],"tags":[],"class_list":{"0":"post-48049","1":"post","2":"type-post","3":"status-publish","4":"format-standard","5":"has-post-thumbnail","7":"category-policiales"},"amp_enabled":true,"_links":{"self":[{"href":"https:\/\/www.todoeldia.com\/index.php\/wp-json\/wp\/v2\/posts\/48049","targetHints":{"allow":["GET"]}}],"collection":[{"href":"https:\/\/www.todoeldia.com\/index.php\/wp-json\/wp\/v2\/posts"}],"about":[{"href":"https:\/\/www.todoeldia.com\/index.php\/wp-json\/wp\/v2\/types\/post"}],"author":[{"embeddable":true,"href":"https:\/\/www.todoeldia.com\/index.php\/wp-json\/wp\/v2\/users\/2"}],"replies":[{"embeddable":true,"href":"https:\/\/www.todoeldia.com\/index.php\/wp-json\/wp\/v2\/comments?post=48049"}],"version-history":[{"count":1,"href":"https:\/\/www.todoeldia.com\/index.php\/wp-json\/wp\/v2\/posts\/48049\/revisions"}],"predecessor-version":[{"id":48050,"href":"https:\/\/www.todoeldia.com\/index.php\/wp-json\/wp\/v2\/posts\/48049\/revisions\/48050"}],"wp:featuredmedia":[{"embeddable":true,"href":"https:\/\/www.todoeldia.com\/index.php\/wp-json\/wp\/v2\/media\/47839"}],"wp:attachment":[{"href":"https:\/\/www.todoeldia.com\/index.php\/wp-json\/wp\/v2\/media?parent=48049"}],"wp:term":[{"taxonomy":"category","embeddable":true,"href":"https:\/\/www.todoeldia.com\/index.php\/wp-json\/wp\/v2\/categories?post=48049"},{"taxonomy":"post_tag","embeddable":true,"href":"https:\/\/www.todoeldia.com\/index.php\/wp-json\/wp\/v2\/tags?post=48049"}],"curies":[{"name":"wp","href":"https:\/\/api.w.org\/{rel}","templated":true}]}}