{"id":4811,"date":"2020-09-05T12:43:14","date_gmt":"2020-09-05T15:43:14","guid":{"rendered":"https:\/\/www.todoeldia.com\/?p=4811"},"modified":"2020-09-05T12:43:14","modified_gmt":"2020-09-05T15:43:14","slug":"atendido-nuevamente-por-su-duena-por-ricardo-roa","status":"publish","type":"post","link":"https:\/\/www.todoeldia.com\/index.php\/2020\/09\/05\/atendido-nuevamente-por-su-duena-por-ricardo-roa\/","title":{"rendered":"Atendido nuevamente por su due\u00f1a. Por Ricardo Roa"},"content":{"rendered":"\n<p>Cristina mostr\u00f3 esta semana que es la que manda en el Gobierno. Massa devaluado y la alianza con Schiaretti.<\/p>\n\n\n\n<p>Esta que termina fue la semana de Cristina. Qued\u00f3 m\u00e1s claro que nunca: es la que manda en el Gobierno y la que&nbsp;<strong>le impone al Gobierno la agenda<\/strong>&nbsp;y el modo de manejar la agenda. Le orden\u00f3 a Massa romper en Diputados los puentes con la oposici\u00f3n y en el Senado despej\u00f3 el camino para sacar de la cancha a&nbsp;<a href=\"https:\/\/www.clarin.com\/politica\/gobierno-corte-vez-cerca-conflicto-poderes_0_QmP67XDsG.html\" target=\"_blank\" rel=\"noreferrer noopener\">tres jueces clave&nbsp;<\/a>en causas de corrupci\u00f3n que la comprometen.<\/p>\n\n\n\n<p>A medida que Cristina aumenta su poder y es evidente que lo aumenta, aumenta la necesidad de&nbsp;<a href=\"https:\/\/www.clarin.com\/politica\/arenga-alberto-fernandez-termine-pandemia-va-banderazo-gente-bien-_0_15_wjHvLB.html\" target=\"_blank\" rel=\"noreferrer noopener\">Alberto Fern\u00e1ndez<\/a>&nbsp;de mostrar que no est\u00e1 perdiendo poder y que \u00e9l es el que manda. El problema es que&nbsp;<strong>le est\u00e1 costando cada vez m\u00e1s mostrar que \u00e9l es el que manda<\/strong>. Est\u00e1 a la vista tambi\u00e9n que Cristina se mete en los temas que le interesan y le escapa a los que pueden acarrearle costos aunque sean los que m\u00e1s le preocupan a la gente: la crisis econ\u00f3mica, la inseguridad, la toma de tierras o las complicaciones de una cuarentena de nunca acabar.<\/p>\n\n\n\n<p>Al primer amague de un acercamiento de Fern\u00e1ndez con los empresarios, lo bombarde\u00f3 y agreg\u00f3 otro conflicto con la estatizaci\u00f3n de<a href=\"https:\/\/www.clarin.com\/economia\/vicentin-banco-nacion-pedira-justicia-investigue-venta-reciente-frigorifico_0_LhdAAve-C.html\" target=\"_blank\" rel=\"noreferrer noopener\">&nbsp;Vicentin<\/a>&nbsp;que Fern\u00e1ndez insist\u00eda en que hab\u00eda sido su idea sin convencer a nadie. Al final tuvo que meter la marcha atr\u00e1s en algo que no hab\u00eda sido idea suya. Auspiciados por M\u00e1ximo Kirchner le cayeron los Moyano y el abrazo con los Moyano, que devalu\u00f3 su relaci\u00f3n con la CGT. M\u00e1s puentes rotos o rompi\u00e9ndose fueron el DNU que interviene las comunicaciones y el que lo un\u00eda a Rodr\u00edguez Larreta.<\/p>\n\n\n\n<p>Desde que Cristina atac\u00f3 a Larreta, Fern\u00e1ndez ya no puede decirle amigo.<\/p>\n\n\n\n<p>&#8211; \u00bfSigue siendo su amigo?, le preguntaron Bonelli y Alfano. Respuesta de Fern\u00e1ndez:<\/p>\n\n\n\n<p>&#8211; Yo le tengo mucho afecto, no pensamos igual, pensamos muy distinto, est\u00e1 claro que no somos lo mismo. La pregunta no hab\u00eda sido si pensaban lo mismo sino si segu\u00edan siendo amigos. Y la respuesta cantada:<strong>&nbsp;nada que enojara a Cristina<\/strong>.<\/p>\n\n\n\n<p>Con esc\u00e1ndalo, Cristina volte\u00f3 un principio de acuerdo de Massa con la oposici\u00f3n para sesionar. Gan\u00f3 el absurdo de considerar presentes a los que estaban en l\u00ednea y ausentes a los que estaban en el recinto. Para ser quien es, Cristina necesita mantener el conflicto y sacar las cosas a como sea. Al Gobierno no le alcanzan los votos&nbsp;aunque sume, a los propios, los ocho del bloque del mendocino Ram\u00f3n&nbsp;y seis del bloque lavagnista. Ah\u00ed la llave la tiene el gobernador Schiaretti, que en C\u00f3rdoba&nbsp;<strong>vocifera contra Cristina y en la C\u00e1mara la acompa\u00f1a en silencio<\/strong>. Con esos votos, el cristinismo logr\u00f3 sacar la moratoria especial para Crist\u00f3bal L\u00f3pez y la ampliaci\u00f3n del presupuesto con el art\u00edculo que dolariz\u00f3 t\u00edtulos en pesos de los fondos Templeton y Pimco. Schiaretti dice que no votar\u00e1 la reforma judicial. Se ver\u00e1 cuando llegue el momento.<\/p>\n\n\n\n<p>Tambi\u00e9n se ver\u00e1 c\u00f3mo cae en la gente la compra-venta de votos. Dice ahora Fern\u00e1ndez: \u201cNo veo la hora que la pandemia se termine porque ese d\u00eda vamos a salir a la calle y va a haber un banderazo de los argentinos de bien\u201d. A Fern\u00e1ndez todav\u00eda le est\u00e1n doliendo los banderazos de los argentinos de mal.<\/p>\n","protected":false},"excerpt":{"rendered":"<p>Cristina mostr\u00f3 esta semana que es la que manda en el Gobierno. Massa devaluado y la alianza con Schiaretti. Esta que termina fue la semana de Cristina. Qued\u00f3 m\u00e1s claro que nunca: es la que manda en el Gobierno y la que&nbsp;le impone al Gobierno la agenda&nbsp;y el modo de manejar la agenda. Le orden\u00f3 [&hellip;]<\/p>\n","protected":false},"author":2,"featured_media":4812,"comment_status":"open","ping_status":"open","sticky":false,"template":"","format":"standard","meta":{"tdm_status":"","tdm_grid_status":"","_joinchat":[],"footnotes":""},"categories":[71],"tags":[],"class_list":{"0":"post-4811","1":"post","2":"type-post","3":"status-publish","4":"format-standard","5":"has-post-thumbnail","7":"category-columnistas"},"amp_enabled":true,"_links":{"self":[{"href":"https:\/\/www.todoeldia.com\/index.php\/wp-json\/wp\/v2\/posts\/4811","targetHints":{"allow":["GET"]}}],"collection":[{"href":"https:\/\/www.todoeldia.com\/index.php\/wp-json\/wp\/v2\/posts"}],"about":[{"href":"https:\/\/www.todoeldia.com\/index.php\/wp-json\/wp\/v2\/types\/post"}],"author":[{"embeddable":true,"href":"https:\/\/www.todoeldia.com\/index.php\/wp-json\/wp\/v2\/users\/2"}],"replies":[{"embeddable":true,"href":"https:\/\/www.todoeldia.com\/index.php\/wp-json\/wp\/v2\/comments?post=4811"}],"version-history":[{"count":1,"href":"https:\/\/www.todoeldia.com\/index.php\/wp-json\/wp\/v2\/posts\/4811\/revisions"}],"predecessor-version":[{"id":4813,"href":"https:\/\/www.todoeldia.com\/index.php\/wp-json\/wp\/v2\/posts\/4811\/revisions\/4813"}],"wp:featuredmedia":[{"embeddable":true,"href":"https:\/\/www.todoeldia.com\/index.php\/wp-json\/wp\/v2\/media\/4812"}],"wp:attachment":[{"href":"https:\/\/www.todoeldia.com\/index.php\/wp-json\/wp\/v2\/media?parent=4811"}],"wp:term":[{"taxonomy":"category","embeddable":true,"href":"https:\/\/www.todoeldia.com\/index.php\/wp-json\/wp\/v2\/categories?post=4811"},{"taxonomy":"post_tag","embeddable":true,"href":"https:\/\/www.todoeldia.com\/index.php\/wp-json\/wp\/v2\/tags?post=4811"}],"curies":[{"name":"wp","href":"https:\/\/api.w.org\/{rel}","templated":true}]}}