{"id":4814,"date":"2020-09-05T12:48:01","date_gmt":"2020-09-05T15:48:01","guid":{"rendered":"https:\/\/www.todoeldia.com\/?p=4814"},"modified":"2020-09-05T12:48:02","modified_gmt":"2020-09-05T15:48:02","slug":"el-gobierno-de-paraguay-cuestionado-por-la-muerte-de-dos-ninas-argentinas-en-un-ataque-militar","status":"publish","type":"post","link":"https:\/\/www.todoeldia.com\/index.php\/2020\/09\/05\/el-gobierno-de-paraguay-cuestionado-por-la-muerte-de-dos-ninas-argentinas-en-un-ataque-militar\/","title":{"rendered":"El gobierno de Paraguay, cuestionado por la muerte de dos ni\u00f1as argentinas en un ataque militar"},"content":{"rendered":"\n<p>La Coordinadora de Derechos Humanos del Paraguay habl\u00f3 de \u201ccrimen de estado\u201d, mientras que el gobierno de Mario Abdo Ben\u00edtez culp\u00f3 por el hecho al Ej\u00e9rcito del Pueblo Paraguayo. En tanto, la Canciller\u00eda argentina identific\u00f3 a las dos ni\u00f1as fallecidas como ciudadanas nacidas el 29 de octubre de 2008 y el 5 de febrero de 2009, ambas de 11 de a\u00f1os.<\/p>\n\n\n\n<p>La muerte de dos ni\u00f1as argentinas de 11 a\u00f1os durante un ataque esta semana de tropas regulares de Paraguay a un campamento de la guerrilla Ej\u00e9rcito del Pueblo Paraguayo (EPP) puso en tela de juicio la pol\u00edtica de seguridad de ese pa\u00eds y deriv\u00f3 en una fuerte acusaci\u00f3n del comando militar contra Argentina, que respondi\u00f3 con una protesta formal.<br><br>En un comunicado, la Canciller\u00eda argentina identific\u00f3 a las dos ni\u00f1as fallecidas como ciudadanas nacidas el 29 de octubre de 2008 y el 5 de febrero de 2009, ambas de 11 de a\u00f1os.<br><br>&#8220;Se mantienen contactos con las autoridades paraguayas a efectos de esclarecer las circunstancias en que se produjeron los decesos (&#8230;) se considera incorrecto hacer apreciaciones prematuras&#8221;, explic\u00f3 el Palacio de San Mart\u00edn.<br><br>Adem\u00e1s, alert\u00f3: &#8220;No es posible aceptar que no hayan advertido, quienes fueron testigos de los hechos acontecidos, la escasa edad de las ni\u00f1as.&#8221;<br><br>Genoveva Oviedo Br\u00edtez, hermana de Alcides Oviedo, l\u00edder del EPP, hab\u00eda asegurado que las dos nenas hab\u00edan nacido en Argentina y son hijas de Magna Meza y Liliana Villalba, respectivamente, y ambas de Osvaldo Villalba, todos ellos l\u00edderes del grupo insurgente.<br><br>&#8220;Fueron criadas como hermanas en la Argentina, con su abuela en Misiones, Argentina. Son nenas bien educadas, buenas estudiantes, jam\u00e1s tuvieron nada que ver con la guerrilla, no saben andar en el monte; nosotros, toda la familia, las criamos con mucho amor dada la situaci\u00f3n de sus padres, ellas viv\u00edan en Argentina con su abuela\u201d, dijo Oviedo al diario argentino El Territorio, citado por el medio paraguayo Ultima Hora.<br><br>Sin embargo, el general H\u00e9ctor Grau, asesor del Comando en Jefe paraguayo, asegur\u00f3 que los documentos argentinos que se publicaron hoy en la prensa paraguaya y que fueron verificados por la Canciller\u00eda argentina son falsos y asegur\u00f3 que las menores fueron registradas de forma irregular en el territorio vecino.<br><br>\u201cL\u00f3gicamente que Magna Meza y Osvaldo Villalba est\u00e1n en la clandestinidad, ellas \u2013las fallecidas\u2013 nacieron as\u00ed y l\u00f3gicamente migraron con los t\u00edos y familiares, donde obtuvieron documentos que tienen origen en la falsedad de datos, fueron inscritas de forma irregular en la Rep\u00fablica Argentina\u201d, asegur\u00f3 Grau en contacto con la radio Monumental 1080 AM.<br><br>El general adem\u00e1s defini\u00f3 a la Argentina como una &#8220;guarder\u00eda&#8221; del EPP en su esquema de reclutamiento de menores.<br><br>La Canciller\u00eda argentina &#8220;rechaz\u00f3 de la manera m\u00e1s en\u00e9rgica las expresiones injustificadas del General H\u00e9ctor Grau&#8221;, a la vez que neg\u00f3 ser la &#8220;guarder\u00eda de soldados del Ej\u00e9rcito del Pueblo Paraguayo, as\u00ed como toda otra manifestaci\u00f3n que busque encubrir responsabilidades&#8221;.<br><br>&#8220;El Gobierno argentino ya ha protestado formalmente ante las autoridades paraguayas por esta absurda acusaci\u00f3n y confiamos contar con la colaboraci\u00f3n del gobierno paraguayo para esclarecer los hechos e identificar responsabilidades&#8221;, agreg\u00f3 el comunicado.<br><br>Horas antes, el embajador argentino, Domingo Peppo, hab\u00eda reaccionado con sorpresa ante las declaraciones del jefe castrense paraguayo.<br><br>\u201cEstoy sorprendido, s\u00ed, y desmiento que esto sea cierto; el Estado argentino no es c\u00f3mplice, ni alienta el accionar de grupos criminales\u201d, dijo el diplom\u00e1tico.<br><br>&#8220;Tenemos una lucha conjunta contra el crimen organizado, contra el terrorismo; tenemos una agenda y un compromiso de trabajo que estamos llevando a cabo\u201d, destac\u00f3 Peppo.<br><br>En este marco, el Gobierno de Paraguay asegur\u00f3 que el operativo de las Fuerzas de Tareas Conjuntas (FTC) contra un campamento del EPP ubicado en Yby Ya\u00fa, en el norte del pa\u00eds, fue un &#8220;\u00e9xito&#8221;, a la vez que responsabiliz\u00f3 a la organizaci\u00f3n insurgente por la muerte de las infantes, que fueron expuestas &#8220;de manera cobarde&#8221;.<br><br>El mi\u00e9rcoles se hab\u00eda informado que en ese enfrentamiento fallecieron dos ni\u00f1as y un n\u00famero indeterminado de miembros de ese grupo.<br><br>&#8220;Yo tengo hijos adolescentes, ni\u00f1os, y ver que fruto de la violencia, las v\u00edctimas son ni\u00f1os expuestos de manera cobarde e irresponsable es un dolor que como ser humano y como padre uno siente en el coraz\u00f3n, es doloroso; ya tuve muchos d\u00edas dif\u00edciles&#8221;, expres\u00f3 el presidente Mario Abdo Ben\u00edtez al visitar el campamento del EPP, tras el operativo.<br><br>Hoy, el Ministerio de la Ni\u00f1ez y Adolescencia &#8220;lament\u00f3 profundamente el desenlace fatal&#8221; que tuvo el enfrentamiento y &#8220;conden\u00f3 y repudi\u00f3 en\u00e9rgicamente el reclutamiento forzoso y la utilizaci\u00f3n de ni\u00f1as, ni\u00f1os y adolescentes por grupos criminales armados&#8221;, seg\u00fan un comunicado publicado en sus redes sociales.<br><br>Sin embargo, la Coordinadora de Derechos Humanos del Paraguay (Codehupy) alert\u00f3 hoy que el enfrentamiento informado por el Gobierno presenta caracter\u00edsticas inquietantes de un crimen de Estado.<br><br>\u201cAdem\u00e1s de lo criminal del operativo, resulta inexplicable el apresuramiento por sepultar los cuerpos antes de que sean identificados y entregados a sus familiares. Pareciera existir premura por intentar borrar evidencias del terrible suceso\u201d, denunci\u00f3 el comunicado.<br><br>Para la Codehupy, el tono triunfalista con el que el Gobierno inform\u00f3 lo sucedido est\u00e1 m\u00e1s cerca de ser caracterizado como un acto de terrorismo de Estado que un logro en materia de seguridad.<br><br>\u201cEs de por s\u00ed incompatible con todo principio de derechos humanos\u201d, advirti\u00f3 la organizaci\u00f3n, que exigi\u00f3 esclarecer el hecho y abrir nuevamente el debate sobre la modificaci\u00f3n de Ley de Defensa Nacional y Seguridad Interna, al igual que el decreto respectivo que instituye a las Fuerzas de Tarea Conjunta y permite el actuar de los militares en la seguridad interior.<\/p>\n","protected":false},"excerpt":{"rendered":"<p>La Coordinadora de Derechos Humanos del Paraguay habl\u00f3 de \u201ccrimen de estado\u201d, mientras que el gobierno de Mario Abdo Ben\u00edtez culp\u00f3 por el hecho al Ej\u00e9rcito del Pueblo Paraguayo. En tanto, la Canciller\u00eda argentina identific\u00f3 a las dos ni\u00f1as fallecidas como ciudadanas nacidas el 29 de octubre de 2008 y el 5 de febrero de [&hellip;]<\/p>\n","protected":false},"author":2,"featured_media":4815,"comment_status":"open","ping_status":"open","sticky":false,"template":"","format":"standard","meta":{"tdm_status":"","tdm_grid_status":"","_joinchat":[],"footnotes":""},"categories":[73],"tags":[],"class_list":{"0":"post-4814","1":"post","2":"type-post","3":"status-publish","4":"format-standard","5":"has-post-thumbnail","7":"category-noticias-general"},"amp_enabled":true,"_links":{"self":[{"href":"https:\/\/www.todoeldia.com\/index.php\/wp-json\/wp\/v2\/posts\/4814","targetHints":{"allow":["GET"]}}],"collection":[{"href":"https:\/\/www.todoeldia.com\/index.php\/wp-json\/wp\/v2\/posts"}],"about":[{"href":"https:\/\/www.todoeldia.com\/index.php\/wp-json\/wp\/v2\/types\/post"}],"author":[{"embeddable":true,"href":"https:\/\/www.todoeldia.com\/index.php\/wp-json\/wp\/v2\/users\/2"}],"replies":[{"embeddable":true,"href":"https:\/\/www.todoeldia.com\/index.php\/wp-json\/wp\/v2\/comments?post=4814"}],"version-history":[{"count":1,"href":"https:\/\/www.todoeldia.com\/index.php\/wp-json\/wp\/v2\/posts\/4814\/revisions"}],"predecessor-version":[{"id":4816,"href":"https:\/\/www.todoeldia.com\/index.php\/wp-json\/wp\/v2\/posts\/4814\/revisions\/4816"}],"wp:featuredmedia":[{"embeddable":true,"href":"https:\/\/www.todoeldia.com\/index.php\/wp-json\/wp\/v2\/media\/4815"}],"wp:attachment":[{"href":"https:\/\/www.todoeldia.com\/index.php\/wp-json\/wp\/v2\/media?parent=4814"}],"wp:term":[{"taxonomy":"category","embeddable":true,"href":"https:\/\/www.todoeldia.com\/index.php\/wp-json\/wp\/v2\/categories?post=4814"},{"taxonomy":"post_tag","embeddable":true,"href":"https:\/\/www.todoeldia.com\/index.php\/wp-json\/wp\/v2\/tags?post=4814"}],"curies":[{"name":"wp","href":"https:\/\/api.w.org\/{rel}","templated":true}]}}