{"id":4839,"date":"2020-09-05T20:54:38","date_gmt":"2020-09-05T23:54:38","guid":{"rendered":"https:\/\/www.todoeldia.com\/?p=4839"},"modified":"2020-09-05T20:54:39","modified_gmt":"2020-09-05T23:54:39","slug":"llegaron-a-oran-15-profesionales-de-nacion","status":"publish","type":"post","link":"https:\/\/www.todoeldia.com\/index.php\/2020\/09\/05\/llegaron-a-oran-15-profesionales-de-nacion\/","title":{"rendered":"Llegaron a Or\u00e1n 15 profesionales de Naci\u00f3n"},"content":{"rendered":"\n<p>El Ministerio de Salud de Naci\u00f3n envi\u00f3 15 profesionales para colaborar con el personal del hospital San Vicente de Pa\u00fal. Seg\u00fan se inform\u00f3 a NORTE YA, la comisi\u00f3n vino acompa\u00f1ada por Alejandro Salvador Costas, Secretario de Estrategia Sanitaria, uno de los voceros en los partes diarios que brinda el gobierno sobre coronavirus.<\/p>\n\n\n\n<p>Se trata de epidemi\u00f3logos, terapistas y enfermeros universitarios que har\u00e1n base en Or\u00e1n por al menos dos semanas, y depender\u00e1 de la situaci\u00f3n de la regi\u00f3n se determinar\u00e1n los pr\u00f3ximos pasos.<\/p>\n\n\n\n<p>Adem\u00e1s, llegaron al Hospital equipos de protecci\u00f3n de bioseguridad e insumos.<\/p>\n","protected":false},"excerpt":{"rendered":"<p>El Ministerio de Salud de Naci\u00f3n envi\u00f3 15 profesionales para colaborar con el personal del hospital San Vicente de Pa\u00fal. Seg\u00fan se inform\u00f3 a NORTE YA, la comisi\u00f3n vino acompa\u00f1ada por Alejandro Salvador Costas, Secretario de Estrategia Sanitaria, uno de los voceros en los partes diarios que brinda el gobierno sobre coronavirus. Se trata de [&hellip;]<\/p>\n","protected":false},"author":2,"featured_media":4840,"comment_status":"open","ping_status":"open","sticky":false,"template":"","format":"standard","meta":{"tdm_status":"","tdm_grid_status":"","_joinchat":[],"footnotes":""},"categories":[65],"tags":[],"class_list":{"0":"post-4839","1":"post","2":"type-post","3":"status-publish","4":"format-standard","5":"has-post-thumbnail","7":"category-coronavirus"},"amp_enabled":true,"_links":{"self":[{"href":"https:\/\/www.todoeldia.com\/index.php\/wp-json\/wp\/v2\/posts\/4839","targetHints":{"allow":["GET"]}}],"collection":[{"href":"https:\/\/www.todoeldia.com\/index.php\/wp-json\/wp\/v2\/posts"}],"about":[{"href":"https:\/\/www.todoeldia.com\/index.php\/wp-json\/wp\/v2\/types\/post"}],"author":[{"embeddable":true,"href":"https:\/\/www.todoeldia.com\/index.php\/wp-json\/wp\/v2\/users\/2"}],"replies":[{"embeddable":true,"href":"https:\/\/www.todoeldia.com\/index.php\/wp-json\/wp\/v2\/comments?post=4839"}],"version-history":[{"count":1,"href":"https:\/\/www.todoeldia.com\/index.php\/wp-json\/wp\/v2\/posts\/4839\/revisions"}],"predecessor-version":[{"id":4841,"href":"https:\/\/www.todoeldia.com\/index.php\/wp-json\/wp\/v2\/posts\/4839\/revisions\/4841"}],"wp:featuredmedia":[{"embeddable":true,"href":"https:\/\/www.todoeldia.com\/index.php\/wp-json\/wp\/v2\/media\/4840"}],"wp:attachment":[{"href":"https:\/\/www.todoeldia.com\/index.php\/wp-json\/wp\/v2\/media?parent=4839"}],"wp:term":[{"taxonomy":"category","embeddable":true,"href":"https:\/\/www.todoeldia.com\/index.php\/wp-json\/wp\/v2\/categories?post=4839"},{"taxonomy":"post_tag","embeddable":true,"href":"https:\/\/www.todoeldia.com\/index.php\/wp-json\/wp\/v2\/tags?post=4839"}],"curies":[{"name":"wp","href":"https:\/\/api.w.org\/{rel}","templated":true}]}}