{"id":48503,"date":"2022-11-15T12:59:47","date_gmt":"2022-11-15T15:59:47","guid":{"rendered":"https:\/\/www.todoeldia.com\/?p=48503"},"modified":"2022-11-15T12:59:50","modified_gmt":"2022-11-15T15:59:50","slug":"alberto-fernandez-tuvo-una-descompensacion-producto-de-una-gastritis-erosiva-que-genero-un-sangrado-y-una-baja-de-presion-importante","status":"publish","type":"post","link":"https:\/\/www.todoeldia.com\/index.php\/2022\/11\/15\/alberto-fernandez-tuvo-una-descompensacion-producto-de-una-gastritis-erosiva-que-genero-un-sangrado-y-una-baja-de-presion-importante\/","title":{"rendered":"Alberto Fern\u00e1ndez tuvo una descompensaci\u00f3n producto de una gastritis erosiva que gener\u00f3 un sangrado y una baja de presi\u00f3n importante"},"content":{"rendered":"\n<p>Acompa\u00f1ado de los ministros Cafiero y Massa, el jefe de Estado explic\u00f3 el cuadro m\u00e9dico que sufri\u00f3 antes de participar en la primera jornada de la cumbre del G20 de Bali.<\/p>\n\n\n\n<p>Alberto Fern\u00e1ndez acompa\u00f1ado del canciller Santiago Cafiero y el ministro de Econom\u00eda, Sergio Massa, dialog\u00f3 unos instantes con los periodistas que cubren la gira para contar en primera persona que sucedi\u00f3 con su estado de salud. El jefe de Estado cancel\u00f3 reci\u00e9n su participaci\u00f3n en la cena oficial convocada por el presidente de Indonesia, Joko Widodo, y anunci\u00f3 que su agenda oficial de ma\u00f1ana qued\u00f3 reducida al c\u00f3nclave que mantendr\u00e1 con la directora gerente del FMI, Kristalina Georgieva, y una reuni\u00f3n con el presidente de Espa\u00f1a, Pedro S\u00e1nchez.<\/p>\n\n\n\n<p>\u201cTuve esta ma\u00f1ana una descompensaci\u00f3n producto de una gastritis erosiva, que gener\u00f3 un sangrado que gener\u00f3 una baja de la presi\u00f3n importante. Para verificar exactamente el nivel de sangrado nos trasladamos a un hospital de Bali al solo efecto de hacer una endoscop\u00eda. Cuando terminamos eso hicimos un ratito de tiempo para la reuni\u00f3n con Xi Jinping, donde definitivamente quer\u00eda estar. Les agradezco a todos por la preocupaci\u00f3n, estoy bien, estoy trabajando bien\u201d, asegur\u00f3 Alberto Fern\u00e1ndez.<\/p>\n\n\n\n<p>Las declaraciones del jefe de Estado hablando en primera persona de su estado de salud cerraron una jornada dram\u00e1tica en la comitiva oficial. Solo la portavoz Gabriela Cerruti y el secretario general de la Presidencia, Julio Vitobello, manejaban el cuadro completo. Cafiero y Massa debieron hacerse cargo de la representaci\u00f3n de Alberto Fern\u00e1ndez en el G20, y la informaci\u00f3n llegaba fragmentada a sus Whatsapp, despu\u00e9s que conclu\u00edan las actividades previstas en la agenda oficial.<\/p>\n\n\n\n<p>Eran las 9.05 del martes 15 en Bali, (22.00 horas del lunes 14, en Argentina), cuando Alberto Fern\u00e1ndez lleg\u00f3 al centro de convenciones ubicado en el hotel The Apurva Kempinski. Estaba acompa\u00f1ado por Massa y el vicejefe de Gabinete, Juan Manuel Olmos.<\/p>\n\n\n\n<p>Minutos m\u00e1s tarde, el presidente ingresaba a la cumbre del G20 y posaba en la foto oficial con su colega de Indonesia, Joko Widodo, quien le dio la bienvenida al foro global que se re\u00fane una vez al a\u00f1o.<\/p>\n\n\n\n<p>Tras el saludo oficial con el presidente Widodo, Alberto Fern\u00e1ndez poste\u00f3 en su cuenta oficial de Twitter: \u201cMantendr\u00e9 reuniones con l\u00edderes mundiales y disertar\u00e9 en encuentros y sesiones plenarias sobre salud, seguridad alimentaria y energ\u00e9tica, infraestructura e inversi\u00f3n global. Para construir un mundo m\u00e1s justo, debemos recuperar la paz\u201d.<\/p>\n\n\n\n<p>El jefe de Estado se encontraba en una carpa abierta, soportando much\u00edsimo calor, y ah\u00ed la presi\u00f3n le empez\u00f3 a jugar una mala pasada. Convoc\u00f3 a su m\u00e9dico Manuel Estigarribia y le reconoci\u00f3 que se sent\u00eda mal. Estigarribia pidi\u00f3 una ambulancia al gobierno de Indonesia que march\u00f3 a toda velocidad al hospital General Sanglah.<\/p>\n\n\n\n<p>Cerrutti y Vitobello estaban junto al Presidente. Y antes de emitir el primer parte m\u00e9dico, el secretario General de la Presidencia llam\u00f3 al celular de Fabiola Ya\u00f1ez para contar lo que suced\u00eda en Bali. Ya\u00f1ez est\u00e1 en Roma participando de una actividad internacional en contra del bullying, y Vitobello le pas\u00f3 su celular para que hablara con Alberto Fern\u00e1ndez.<\/p>\n\n\n\n<p>A continuaci\u00f3n, se dio a conocer el primer parte oficial: \u201cEn el d\u00eda de la fecha el se\u00f1or Presidente de la Naci\u00f3n Argentina, Dr Alberto \u00c1ngel Fern\u00e1ndez padeci\u00f3 un episodio de hipotensi\u00f3n y mareos. Por tal motivo se decidi\u00f3 realizar los estudios de diagn\u00f3stico de rigor a fin de preservar su salud y evitar complicaciones\u201d, inform\u00f3 Federico Saavedra, director de la Unidad M\u00e9dica Presidencial.<\/p>\n\n\n\n<p>La emergencia m\u00e9dica signific\u00f3 que Alberto Fern\u00e1ndez no pudo participar de toda la jornada del G20. Cafiero lo reemplaz\u00f3 en todos los eventos y ley\u00f3 sus discursos referidos a la seguridad alimentaria y a la salud global postpandemia del COVID-19.<\/p>\n\n\n\n<p>Cerca de las 17 en Bali (6 de la ma\u00f1ana en Argentina), el gobierno dio a conocer el segundo parte oficial: \u201cEn el d\u00eda de la fecha el se\u00f1or Presidente de la Naci\u00f3n, Dr Alberto \u00c1ngel Fern\u00e1ndez fue evaluado medicamente, se diagn\u00f3stico una gastritis erosiva con signos de sangrado, recibi\u00f3 el tratamiento m\u00e9dico adecuado encontr\u00e1ndose en buen estado de salud y reanudando sus actividades con control m\u00e9dico\u201d, informaba el doctor Saavedra, a cargo de la Unidad M\u00e9dica Presidencial.<\/p>\n","protected":false},"excerpt":{"rendered":"<p>Acompa\u00f1ado de los ministros Cafiero y Massa, el jefe de Estado explic\u00f3 el cuadro m\u00e9dico que sufri\u00f3 antes de participar en la primera jornada de la cumbre del G20 de Bali. Alberto Fern\u00e1ndez acompa\u00f1ado del canciller Santiago Cafiero y el ministro de Econom\u00eda, Sergio Massa, dialog\u00f3 unos instantes con los periodistas que cubren la gira [&hellip;]<\/p>\n","protected":false},"author":2,"featured_media":48504,"comment_status":"open","ping_status":"open","sticky":false,"template":"","format":"standard","meta":{"tdm_status":"","tdm_grid_status":"","_joinchat":[],"footnotes":""},"categories":[59],"tags":[],"class_list":{"0":"post-48503","1":"post","2":"type-post","3":"status-publish","4":"format-standard","5":"has-post-thumbnail","7":"category-politica"},"amp_enabled":true,"_links":{"self":[{"href":"https:\/\/www.todoeldia.com\/index.php\/wp-json\/wp\/v2\/posts\/48503","targetHints":{"allow":["GET"]}}],"collection":[{"href":"https:\/\/www.todoeldia.com\/index.php\/wp-json\/wp\/v2\/posts"}],"about":[{"href":"https:\/\/www.todoeldia.com\/index.php\/wp-json\/wp\/v2\/types\/post"}],"author":[{"embeddable":true,"href":"https:\/\/www.todoeldia.com\/index.php\/wp-json\/wp\/v2\/users\/2"}],"replies":[{"embeddable":true,"href":"https:\/\/www.todoeldia.com\/index.php\/wp-json\/wp\/v2\/comments?post=48503"}],"version-history":[{"count":1,"href":"https:\/\/www.todoeldia.com\/index.php\/wp-json\/wp\/v2\/posts\/48503\/revisions"}],"predecessor-version":[{"id":48505,"href":"https:\/\/www.todoeldia.com\/index.php\/wp-json\/wp\/v2\/posts\/48503\/revisions\/48505"}],"wp:featuredmedia":[{"embeddable":true,"href":"https:\/\/www.todoeldia.com\/index.php\/wp-json\/wp\/v2\/media\/48504"}],"wp:attachment":[{"href":"https:\/\/www.todoeldia.com\/index.php\/wp-json\/wp\/v2\/media?parent=48503"}],"wp:term":[{"taxonomy":"category","embeddable":true,"href":"https:\/\/www.todoeldia.com\/index.php\/wp-json\/wp\/v2\/categories?post=48503"},{"taxonomy":"post_tag","embeddable":true,"href":"https:\/\/www.todoeldia.com\/index.php\/wp-json\/wp\/v2\/tags?post=48503"}],"curies":[{"name":"wp","href":"https:\/\/api.w.org\/{rel}","templated":true}]}}