{"id":48506,"date":"2022-11-15T14:14:10","date_gmt":"2022-11-15T17:14:10","guid":{"rendered":"https:\/\/www.todoeldia.com\/?p=48506"},"modified":"2022-11-15T14:14:12","modified_gmt":"2022-11-15T17:14:12","slug":"medicos-del-hospital-materno-infantil-piden-una-recomposicion-salarial-y-advierten-paro","status":"publish","type":"post","link":"https:\/\/www.todoeldia.com\/index.php\/2022\/11\/15\/medicos-del-hospital-materno-infantil-piden-una-recomposicion-salarial-y-advierten-paro\/","title":{"rendered":"M\u00e9dicos del Hospital Materno Infantil piden una recomposici\u00f3n salarial y advierten paro"},"content":{"rendered":"\n<p>Trabajadores de la salud se mantienen en estado de asamblea hoy y ma\u00f1ana.<\/p>\n\n\n\n<p>Esta ma\u00f1ana, M\u00e9dicos autocovocados del Hospital Materno Infantil se manifestaron pidiendo una audiencia con el gobernador Gustavo S\u00e1enz en el marco de un reclamo salarial. Hoy y ma\u00f1ana se mantienen en estado de asamblea de 9 a 11.<\/p>\n\n\n\n<p>\u201cEstamos esperando que nos reciba el se\u00f1or Gobernador\u201d, expres\u00f3 la m\u00e9dica Natalia Fili mientras se manifestaban esta ma\u00f1ana e indic\u00f3 que el reclamo es salarial y por una recomposici\u00f3n de acuerdo con el art\u00edculo 21 del Estatuto.<\/p>\n\n\n\n<p>El ministro de Salud, Juan Jos\u00e9 Esteban, cit\u00f3 a una reuni\u00f3n esta ma\u00f1ana a profesionales autoconvocados de toda la Provincia. \u201cEs una buena oportunidad para el di\u00e1logo, para que de una vez nos dejen de aplaudir y nos reconozcan la actividad que tenemos\u201d, dijo.<\/p>\n\n\n\n<p>Advirtieron que, de no tener respuestas, ir\u00e1n a un paro de 24 horas este jueves.<\/p>\n\n\n\n<p><\/p>\n","protected":false},"excerpt":{"rendered":"<p>Trabajadores de la salud se mantienen en estado de asamblea hoy y ma\u00f1ana. Esta ma\u00f1ana, M\u00e9dicos autocovocados del Hospital Materno Infantil se manifestaron pidiendo una audiencia con el gobernador Gustavo S\u00e1enz en el marco de un reclamo salarial. Hoy y ma\u00f1ana se mantienen en estado de asamblea de 9 a 11. \u201cEstamos esperando que nos [&hellip;]<\/p>\n","protected":false},"author":2,"featured_media":48507,"comment_status":"open","ping_status":"open","sticky":false,"template":"","format":"standard","meta":{"tdm_status":"","tdm_grid_status":"","_joinchat":[],"footnotes":""},"categories":[73],"tags":[],"class_list":{"0":"post-48506","1":"post","2":"type-post","3":"status-publish","4":"format-standard","5":"has-post-thumbnail","7":"category-noticias-general"},"amp_enabled":true,"_links":{"self":[{"href":"https:\/\/www.todoeldia.com\/index.php\/wp-json\/wp\/v2\/posts\/48506","targetHints":{"allow":["GET"]}}],"collection":[{"href":"https:\/\/www.todoeldia.com\/index.php\/wp-json\/wp\/v2\/posts"}],"about":[{"href":"https:\/\/www.todoeldia.com\/index.php\/wp-json\/wp\/v2\/types\/post"}],"author":[{"embeddable":true,"href":"https:\/\/www.todoeldia.com\/index.php\/wp-json\/wp\/v2\/users\/2"}],"replies":[{"embeddable":true,"href":"https:\/\/www.todoeldia.com\/index.php\/wp-json\/wp\/v2\/comments?post=48506"}],"version-history":[{"count":1,"href":"https:\/\/www.todoeldia.com\/index.php\/wp-json\/wp\/v2\/posts\/48506\/revisions"}],"predecessor-version":[{"id":48508,"href":"https:\/\/www.todoeldia.com\/index.php\/wp-json\/wp\/v2\/posts\/48506\/revisions\/48508"}],"wp:featuredmedia":[{"embeddable":true,"href":"https:\/\/www.todoeldia.com\/index.php\/wp-json\/wp\/v2\/media\/48507"}],"wp:attachment":[{"href":"https:\/\/www.todoeldia.com\/index.php\/wp-json\/wp\/v2\/media?parent=48506"}],"wp:term":[{"taxonomy":"category","embeddable":true,"href":"https:\/\/www.todoeldia.com\/index.php\/wp-json\/wp\/v2\/categories?post=48506"},{"taxonomy":"post_tag","embeddable":true,"href":"https:\/\/www.todoeldia.com\/index.php\/wp-json\/wp\/v2\/tags?post=48506"}],"curies":[{"name":"wp","href":"https:\/\/api.w.org\/{rel}","templated":true}]}}