{"id":48549,"date":"2022-11-15T23:00:15","date_gmt":"2022-11-16T02:00:15","guid":{"rendered":"https:\/\/www.todoeldia.com\/?p=48549"},"modified":"2022-11-15T23:00:17","modified_gmt":"2022-11-16T02:00:17","slug":"la-cago-a-palos-a-la-mujer-la-salvo-una-vecina-y-fue-condenado-a-6-meses-de-condicional","status":"publish","type":"post","link":"https:\/\/www.todoeldia.com\/index.php\/2022\/11\/15\/la-cago-a-palos-a-la-mujer-la-salvo-una-vecina-y-fue-condenado-a-6-meses-de-condicional\/","title":{"rendered":"La \u201ccago\u201d a palos a la mujer, la salvo una vecina y fue condenado a 6 meses de condicional"},"content":{"rendered":"\n<p>La mujer denunci\u00f3 que el hombre le propin\u00f3 golpes de pu\u00f1o en el rostro, la agarr\u00f3 del cuello y luego la arroj\u00f3 al suelo. Intervino la fiscal Penal de Violencia Familiar y de G\u00e9nero de Or\u00e1n, Soledad Filtr\u00edn Cuezzo.<\/p>\n\n\n\n<p>La Sala 1 del Tribunal de Juicio de Or\u00e1n conden\u00f3 a un hombre a la pena de seis meses de prisi\u00f3n de ejecuci\u00f3n en suspenso por el delito de lesiones leves agravadas por relaci\u00f3n de pareja preexistente y por el g\u00e9nero.<\/p>\n\n\n\n<p>La fiscal Penal de Violencia Familiar y de G\u00e9nero de Or\u00e1n, Soledad Filtr\u00edn Cuezzo, represent\u00f3 al Ministerio P\u00fablico Fiscal durante el juicio.<\/p>\n\n\n\n<p>En agosto de 2020, una mujer realiz\u00f3 denuncia en contra de su ex pareja, asegurando que al presentarse \u00e9ste a buscar a su hijo, mantuvieron una discusi\u00f3n en la que el hombre la tom\u00f3 del cuello y comenz\u00f3 a golpearla con su pu\u00f1o en el rostro; y luego la arroj\u00f3 al suelo e intent\u00f3 patearla.<\/p>\n\n\n\n<p>Ante la intervenci\u00f3n de una vecina que sali\u00f3 en auxilio de la mujer, el hombre ces\u00f3 los golpes y se retir\u00f3 del lugar.<\/p>\n\n\n\n<p>Filtr\u00edn Cuezzo reuni\u00f3 las pruebas que permitieron demostrar la autor\u00eda del hombre en los hechos, por lo que fue sentenciado a seis meses de prisi\u00f3n de ejecuci\u00f3n condicional y reglas de conducta.<\/p>\n","protected":false},"excerpt":{"rendered":"<p>La mujer denunci\u00f3 que el hombre le propin\u00f3 golpes de pu\u00f1o en el rostro, la agarr\u00f3 del cuello y luego la arroj\u00f3 al suelo. Intervino la fiscal Penal de Violencia Familiar y de G\u00e9nero de Or\u00e1n, Soledad Filtr\u00edn Cuezzo. La Sala 1 del Tribunal de Juicio de Or\u00e1n conden\u00f3 a un hombre a la pena [&hellip;]<\/p>\n","protected":false},"author":2,"featured_media":37749,"comment_status":"open","ping_status":"open","sticky":false,"template":"","format":"standard","meta":{"tdm_status":"","tdm_grid_status":"","_joinchat":[],"footnotes":""},"categories":[63],"tags":[],"class_list":{"0":"post-48549","1":"post","2":"type-post","3":"status-publish","4":"format-standard","5":"has-post-thumbnail","7":"category-policiales"},"amp_enabled":true,"_links":{"self":[{"href":"https:\/\/www.todoeldia.com\/index.php\/wp-json\/wp\/v2\/posts\/48549","targetHints":{"allow":["GET"]}}],"collection":[{"href":"https:\/\/www.todoeldia.com\/index.php\/wp-json\/wp\/v2\/posts"}],"about":[{"href":"https:\/\/www.todoeldia.com\/index.php\/wp-json\/wp\/v2\/types\/post"}],"author":[{"embeddable":true,"href":"https:\/\/www.todoeldia.com\/index.php\/wp-json\/wp\/v2\/users\/2"}],"replies":[{"embeddable":true,"href":"https:\/\/www.todoeldia.com\/index.php\/wp-json\/wp\/v2\/comments?post=48549"}],"version-history":[{"count":1,"href":"https:\/\/www.todoeldia.com\/index.php\/wp-json\/wp\/v2\/posts\/48549\/revisions"}],"predecessor-version":[{"id":48550,"href":"https:\/\/www.todoeldia.com\/index.php\/wp-json\/wp\/v2\/posts\/48549\/revisions\/48550"}],"wp:featuredmedia":[{"embeddable":true,"href":"https:\/\/www.todoeldia.com\/index.php\/wp-json\/wp\/v2\/media\/37749"}],"wp:attachment":[{"href":"https:\/\/www.todoeldia.com\/index.php\/wp-json\/wp\/v2\/media?parent=48549"}],"wp:term":[{"taxonomy":"category","embeddable":true,"href":"https:\/\/www.todoeldia.com\/index.php\/wp-json\/wp\/v2\/categories?post=48549"},{"taxonomy":"post_tag","embeddable":true,"href":"https:\/\/www.todoeldia.com\/index.php\/wp-json\/wp\/v2\/tags?post=48549"}],"curies":[{"name":"wp","href":"https:\/\/api.w.org\/{rel}","templated":true}]}}