{"id":48569,"date":"2022-11-16T10:46:49","date_gmt":"2022-11-16T13:46:49","guid":{"rendered":"https:\/\/www.todoeldia.com\/?p=48569"},"modified":"2022-11-16T10:46:51","modified_gmt":"2022-11-16T13:46:51","slug":"me-mande-una-cag-con-la-abuela-tiene-13-anos-y-ahorco-a-su-abuela-de-92-con-una-sabana","status":"publish","type":"post","link":"https:\/\/www.todoeldia.com\/index.php\/2022\/11\/16\/me-mande-una-cag-con-la-abuela-tiene-13-anos-y-ahorco-a-su-abuela-de-92-con-una-sabana\/","title":{"rendered":"Me mand\u00e9 una cag. . . con la abuela\u201d: tiene 13 a\u00f1os y ahorc\u00f3 a su abuela de 92 con una s\u00e1bana"},"content":{"rendered":"\n<p>La adolescente discuti\u00f3 con su abuela y en un ataque de ira la mat\u00f3. Le confes\u00f3 el crimen a su t\u00eda.<\/p>\n\n\n\n<p>La localidad de Caleta Olivia, provincia de Santa Cruz, fue el escenario del horror. Una adolescente, de apenas 13 a\u00f1os, confes\u00f3 que estrangul\u00f3 hasta la muerte a su abuela, una jubilada de 92. El cuerpo estaba boca arriba sobre la cama, rodeado de pedazos de vidrios rotos y, por ahora, la principal hip\u00f3tesis que maneja la justicia es que la joven ahog\u00f3 a la mujer luego de una fuerte discusi\u00f3n.<\/p>\n\n\n\n<p>Todo ocurri\u00f3 alrededor de las 13 del martes, cuando las autoridades de la Oficina de Protecci\u00f3n de los Derechos de los Ni\u00f1os, Ni\u00f1as y Adolescentes local solicitaron la presencia policial en una casa ubicada en la calle Castelli al 1000 del barrio Miramar por \u201cencontrarse una persona sin vida\u201d. Al llegar al lugar, los polic\u00edas se toparon con una mujer de 39 a\u00f1os, quien dijo haber encontrado a su abuela sin vida dentro de su dormitorio, tendida sobre su cama.<\/p>\n\n\n\n<figure class=\"wp-block-image size-full\"><img loading=\"lazy\" decoding=\"async\" width=\"992\" height=\"744\" src=\"https:\/\/www.todoeldia.com\/wp-content\/uploads\/2022\/11\/image-83.png\" alt=\"\" class=\"wp-image-48571\" srcset=\"https:\/\/www.todoeldia.com\/wp-content\/uploads\/2022\/11\/image-83.png 992w, https:\/\/www.todoeldia.com\/wp-content\/uploads\/2022\/11\/image-83-300x225.png 300w, https:\/\/www.todoeldia.com\/wp-content\/uploads\/2022\/11\/image-83-768x576.png 768w, https:\/\/www.todoeldia.com\/wp-content\/uploads\/2022\/11\/image-83-696x522.png 696w, https:\/\/www.todoeldia.com\/wp-content\/uploads\/2022\/11\/image-83-560x420.png 560w, https:\/\/www.todoeldia.com\/wp-content\/uploads\/2022\/11\/image-83-80x60.png 80w, https:\/\/www.todoeldia.com\/wp-content\/uploads\/2022\/11\/image-83-265x198.png 265w\" sizes=\"auto, (max-width: 992px) 100vw, 992px\" \/><\/figure>\n\n\n\n<p>Al ingresar, los efectivos comprobaron que la anciana estaba muerta sobre una cama de dos plazas, en posici\u00f3n c\u00fabito dorsal, cubierta hasta la mitad del cuerpo con la ropa de cama. Adem\u00e1s, se detall\u00f3 que detr\u00e1s de la cama se encontraba un mueble de madera con aberturas de vidrios con \u201crestos de cristales esparcidos sobre su lateral derecho y sobre el suelo del mismo sector\u201d.<\/p>\n\n\n\n<p>Una vez en el lugar, el m\u00e9dico policial constat\u00f3 el deceso de la mujer identificada con las iniciales R.A.M.L. En ese momento, en la sede de la Oficina de la Ni\u00f1ez se present\u00f3 con su madre M.C.G, de 13 a\u00f1os, quien confes\u00f3 que &#8220;a ra\u00edz de mantener una disputa verbal con su abuela, la habr\u00eda asfixiado dentro de su domicilio&#8221;. De acuerdo con el informe policial, &#8220;la presunta causante&#8221; qued\u00f3 &#8220;bajo la guarda de la autoridad de aplicaci\u00f3n&#8221;.<\/p>\n\n\n\n<p>Adem\u00e1s, se inform\u00f3 que el juez penal subrogante dio intervenci\u00f3n a personal m\u00e9dico del Centro de Salud Mental. Como parte de la investigaci\u00f3n, personal de la DDI realiz\u00f3 el relevamiento y levantamiento de c\u00e1maras de seguridad ubicadas en la zona donde ocurri\u00f3 el homicidio, mientras que en el lugar trabaj\u00f3 personal de criminal\u00edstica y m\u00e9dico forense. Y tambi\u00e9n se tomaron declaraciones a familiares de la menor.<\/p>\n\n\n\n<p>De acuerdo a los primeros testimonios, tanto la v\u00edctima como la adolescente manten\u00edan una relaci\u00f3n \u201cnormal\u201d. Por esta raz\u00f3n, se investiga si fue un ataque de ira de la menor lo que la llev\u00f3 a este tr\u00e1gico desenlace. A simple vista se advert\u00edan lesiones en el cuello de la anciana que apuntan a una muerte por ahorcamiento. De todas maneras, se espera el resultado de la autopsia para confirmarlo y tambi\u00e9n para conocer cu\u00e1ntas horas llevaba muerta cuando la encontraron.<\/p>\n\n\n\n<p>Mientras avanza la investigaci\u00f3n, algunas versiones se\u00f1alan que el crimen se habr\u00eda producido durante el fin de semana pero que reci\u00e9n en las \u00faltimas horas la menor se quebr\u00f3 y confes\u00f3 a trav\u00e9s de un mensaje que le envi\u00f3 a una t\u00eda. \u201cMe mand\u00e9 una cag. . . con la abuela\u201d, habr\u00eda escrito por WhatsApp despu\u00e9s de mantener una discusi\u00f3n con la v\u00edctima.<\/p>\n","protected":false},"excerpt":{"rendered":"<p>La adolescente discuti\u00f3 con su abuela y en un ataque de ira la mat\u00f3. Le confes\u00f3 el crimen a su t\u00eda. La localidad de Caleta Olivia, provincia de Santa Cruz, fue el escenario del horror. Una adolescente, de apenas 13 a\u00f1os, confes\u00f3 que estrangul\u00f3 hasta la muerte a su abuela, una jubilada de 92. El [&hellip;]<\/p>\n","protected":false},"author":2,"featured_media":48570,"comment_status":"open","ping_status":"open","sticky":false,"template":"","format":"standard","meta":{"tdm_status":"","tdm_grid_status":"","_joinchat":[],"footnotes":""},"categories":[63],"tags":[],"class_list":{"0":"post-48569","1":"post","2":"type-post","3":"status-publish","4":"format-standard","5":"has-post-thumbnail","7":"category-policiales"},"amp_enabled":true,"_links":{"self":[{"href":"https:\/\/www.todoeldia.com\/index.php\/wp-json\/wp\/v2\/posts\/48569","targetHints":{"allow":["GET"]}}],"collection":[{"href":"https:\/\/www.todoeldia.com\/index.php\/wp-json\/wp\/v2\/posts"}],"about":[{"href":"https:\/\/www.todoeldia.com\/index.php\/wp-json\/wp\/v2\/types\/post"}],"author":[{"embeddable":true,"href":"https:\/\/www.todoeldia.com\/index.php\/wp-json\/wp\/v2\/users\/2"}],"replies":[{"embeddable":true,"href":"https:\/\/www.todoeldia.com\/index.php\/wp-json\/wp\/v2\/comments?post=48569"}],"version-history":[{"count":1,"href":"https:\/\/www.todoeldia.com\/index.php\/wp-json\/wp\/v2\/posts\/48569\/revisions"}],"predecessor-version":[{"id":48572,"href":"https:\/\/www.todoeldia.com\/index.php\/wp-json\/wp\/v2\/posts\/48569\/revisions\/48572"}],"wp:featuredmedia":[{"embeddable":true,"href":"https:\/\/www.todoeldia.com\/index.php\/wp-json\/wp\/v2\/media\/48570"}],"wp:attachment":[{"href":"https:\/\/www.todoeldia.com\/index.php\/wp-json\/wp\/v2\/media?parent=48569"}],"wp:term":[{"taxonomy":"category","embeddable":true,"href":"https:\/\/www.todoeldia.com\/index.php\/wp-json\/wp\/v2\/categories?post=48569"},{"taxonomy":"post_tag","embeddable":true,"href":"https:\/\/www.todoeldia.com\/index.php\/wp-json\/wp\/v2\/tags?post=48569"}],"curies":[{"name":"wp","href":"https:\/\/api.w.org\/{rel}","templated":true}]}}