{"id":4858,"date":"2020-09-05T21:38:19","date_gmt":"2020-09-06T00:38:19","guid":{"rendered":"https:\/\/www.todoeldia.com\/?p=4858"},"modified":"2020-09-05T21:38:20","modified_gmt":"2020-09-06T00:38:20","slug":"jujuy-termino-el-sabado-con-326-nuevos-casos-de-coronavirus-y-10-fallecimientos","status":"publish","type":"post","link":"https:\/\/www.todoeldia.com\/index.php\/2020\/09\/05\/jujuy-termino-el-sabado-con-326-nuevos-casos-de-coronavirus-y-10-fallecimientos\/","title":{"rendered":"Jujuy termin\u00f3 el s\u00e1bado con 326 nuevos casos de coronavirus y 10 fallecimientos"},"content":{"rendered":"\n<p>El total de casos desde el inicio de la pandemia asciende a 9895 en la provincia. Hay 5471 pacientes recuperados y 281 v\u00edctimas fatales.<\/p>\n\n\n\n<p>La Sub direcci\u00f3n de Epidemiolog\u00eda informa que hoy se confirmaron 326 nuevos casos de COVID 19 en la provincia y recibieron el Alta M\u00e9dica 56 pacientes.<\/p>\n\n\n\n<p>Hasta el momento se realizaron 31.273 tests PCR en toda la provincia, arrojando un total de 9.895 casos positivos. Se recuperaron de la enfermedad 5.471. Fallecieron 281 personas.<\/p>\n\n\n\n<p>Los CASOS ACTIVOS a la fecha son 4.143.<\/p>\n\n\n\n<p>Detalle de casos positivos seg\u00fan localidad:<\/p>\n\n\n\n<p>San Salvador de Jujuy, 140<\/p>\n\n\n\n<p>San Pedro, 29<\/p>\n\n\n\n<p>Palpal\u00e1, 26<\/p>\n\n\n\n<p>El Carmen, 17<\/p>\n\n\n\n<p>Libertador Gral. San Mart\u00edn, 13<\/p>\n\n\n\n<p>Perico, 12<\/p>\n\n\n\n<p>Yuto, 12<\/p>\n\n\n\n<p>Susques, 11<\/p>\n\n\n\n<p>Barrios, 7<\/p>\n\n\n\n<p>La Esperanza, 7<\/p>\n\n\n\n<p>La Quiaca, 7<\/p>\n\n\n\n<p>Monterrico, 6<\/p>\n\n\n\n<p>Abra Pampa, 5<\/p>\n\n\n\n<p>Caimancito, 4<\/p>\n\n\n\n<p>Palma Sola, 4<\/p>\n\n\n\n<p>La Mendieta, 4<\/p>\n\n\n\n<p>Tilcara, 3<\/p>\n\n\n\n<p>Fraile Pintado, 2<\/p>\n\n\n\n<p>Rinconada, 2<\/p>\n\n\n\n<p>San Antonio, 2<\/p>\n\n\n\n<p>Aguas Calientes, 1<\/p>\n\n\n\n<p>Calilegua, 1<\/p>\n\n\n\n<p>Catua, 1<\/p>\n\n\n\n<p>El Talar, 1<\/p>\n\n\n\n<p>Yala, 1<\/p>\n\n\n\n<p>Yavi, 1<\/p>\n\n\n\n<p>En Averiguaci\u00f3n, 7<\/p>\n\n\n\n<p>Se registraron diez fallecimientos por Covid 19: tres de sexo masculino, de entre 69 y 78 a\u00f1os, y siete de sexo femenino, de entre 49 &nbsp;y 84 a\u00f1os.<\/p>\n","protected":false},"excerpt":{"rendered":"<p>El total de casos desde el inicio de la pandemia asciende a 9895 en la provincia. Hay 5471 pacientes recuperados y 281 v\u00edctimas fatales. La Sub direcci\u00f3n de Epidemiolog\u00eda informa que hoy se confirmaron 326 nuevos casos de COVID 19 en la provincia y recibieron el Alta M\u00e9dica 56 pacientes. Hasta el momento se realizaron [&hellip;]<\/p>\n","protected":false},"author":2,"featured_media":4861,"comment_status":"open","ping_status":"open","sticky":false,"template":"","format":"standard","meta":{"tdm_status":"","tdm_grid_status":"","_joinchat":[],"footnotes":""},"categories":[65],"tags":[],"class_list":{"0":"post-4858","1":"post","2":"type-post","3":"status-publish","4":"format-standard","5":"has-post-thumbnail","7":"category-coronavirus"},"amp_enabled":true,"_links":{"self":[{"href":"https:\/\/www.todoeldia.com\/index.php\/wp-json\/wp\/v2\/posts\/4858","targetHints":{"allow":["GET"]}}],"collection":[{"href":"https:\/\/www.todoeldia.com\/index.php\/wp-json\/wp\/v2\/posts"}],"about":[{"href":"https:\/\/www.todoeldia.com\/index.php\/wp-json\/wp\/v2\/types\/post"}],"author":[{"embeddable":true,"href":"https:\/\/www.todoeldia.com\/index.php\/wp-json\/wp\/v2\/users\/2"}],"replies":[{"embeddable":true,"href":"https:\/\/www.todoeldia.com\/index.php\/wp-json\/wp\/v2\/comments?post=4858"}],"version-history":[{"count":1,"href":"https:\/\/www.todoeldia.com\/index.php\/wp-json\/wp\/v2\/posts\/4858\/revisions"}],"predecessor-version":[{"id":4860,"href":"https:\/\/www.todoeldia.com\/index.php\/wp-json\/wp\/v2\/posts\/4858\/revisions\/4860"}],"wp:featuredmedia":[{"embeddable":true,"href":"https:\/\/www.todoeldia.com\/index.php\/wp-json\/wp\/v2\/media\/4861"}],"wp:attachment":[{"href":"https:\/\/www.todoeldia.com\/index.php\/wp-json\/wp\/v2\/media?parent=4858"}],"wp:term":[{"taxonomy":"category","embeddable":true,"href":"https:\/\/www.todoeldia.com\/index.php\/wp-json\/wp\/v2\/categories?post=4858"},{"taxonomy":"post_tag","embeddable":true,"href":"https:\/\/www.todoeldia.com\/index.php\/wp-json\/wp\/v2\/tags?post=4858"}],"curies":[{"name":"wp","href":"https:\/\/api.w.org\/{rel}","templated":true}]}}