{"id":48590,"date":"2022-11-16T11:42:03","date_gmt":"2022-11-16T14:42:03","guid":{"rendered":"https:\/\/www.todoeldia.com\/?p=48590"},"modified":"2022-11-16T11:42:06","modified_gmt":"2022-11-16T14:42:06","slug":"siguen-los-problemas-en-salud-los-hospitales-de-cafayate-y-san-carlos-van-al-paro-el-viernes","status":"publish","type":"post","link":"https:\/\/www.todoeldia.com\/index.php\/2022\/11\/16\/siguen-los-problemas-en-salud-los-hospitales-de-cafayate-y-san-carlos-van-al-paro-el-viernes\/","title":{"rendered":"Siguen los problemas en salud: los hospitales de Cafayate y San Carlos van al paro el viernes"},"content":{"rendered":"\n<p>As\u00ed lo asegur\u00f3 la delegada gremial de ATE, Marcela Rodr\u00edguez, en una entrevista en el programa En Modo Ma\u00f1ana de Radio Cafayate, y confirm\u00f3 que se sumar\u00e1n trabajadores del nosocomio de San Carlos.<\/p>\n\n\n\n<p>Los trabajadores anunciaron un paro departamental para este viernes 18 de noviembre tras 6 d\u00edas asambleas y marchas sin tener ninguna respuesta del Ministerio de Salud de la Provincia.<\/p>\n\n\n\n<figure class=\"wp-block-image size-full is-resized\"><img loading=\"lazy\" decoding=\"async\" src=\"https:\/\/www.todoeldia.com\/wp-content\/uploads\/2022\/11\/image-93.png\" alt=\"\" class=\"wp-image-48592\" width=\"912\" height=\"525\"\/><\/figure>\n\n\n\n<p>\u201cVamos a seguir con la misma modalidad que la semana pasada. Pedimos a la comunidad que se sume porque lo que estamos pidiendo es para todos. Nos est\u00e1n tomando el pelo, est\u00e1n vaciando el hospital\u201d, asegur\u00f3 la delegada gremial de ATE del hospital Nuestra Se\u00f1ora del Rosario, Marcela Rodr\u00edguez.<\/p>\n\n\n\n<p>Durante toda la semana se har\u00e1n asambleas en la puerta del hospital durante la ma\u00f1ana a partir de las 7:00 y a la tarde desde las 15:00, sumando una hora. De no tener una respuesta al reclamo se convocar\u00e1 a un paro total para viernes 18 de noviembre.<\/p>\n\n\n\n<p>\u201cSolo se acuerdan de Cafayate en tiempo de la Serenata, vienen al festival y despu\u00e9s se van contentos. Solo mandan una ambulancia del SAMEC para poner en la puerta y nosotros atendemos a todos como podemos\u201d dijo Rodr\u00edguez.<\/p>\n\n\n\n<figure class=\"wp-block-image size-full is-resized\"><img loading=\"lazy\" decoding=\"async\" src=\"https:\/\/www.todoeldia.com\/wp-content\/uploads\/2022\/11\/image-94.png\" alt=\"\" class=\"wp-image-48593\" width=\"906\" height=\"510\" srcset=\"https:\/\/www.todoeldia.com\/wp-content\/uploads\/2022\/11\/image-94.png 600w, https:\/\/www.todoeldia.com\/wp-content\/uploads\/2022\/11\/image-94-300x169.png 300w\" sizes=\"auto, (max-width: 906px) 100vw, 906px\" \/><figcaption>Juan Jose Esteban y el exgerente Carlos Vargas en la puerta del hospital<\/figcaption><\/figure>\n\n\n\n<p>Este previsto que el paro sea tambi\u00e9n con movilizaci\u00f3n, aunque a\u00fan falta confirmar el horario de la convocatoria a la marcha que iniciar\u00eda en las puertas del hospital, luego a la entrada de la ciudad en el puente del R\u00edo Chuscha, hasta la plaza 20 de febrero y finalmente desconcentrar en el nosocomio.<\/p>\n\n\n\n<p>\u201cLos cafayate\u00f1os tenemos un car\u00e1cter tranquilo, somos m\u00e1s bien sumisos, pero la gente ya est\u00e1 cansada. Estamos trabajando, tratando de brindar un servicio con un mont\u00f3n de necesidades mientras el ministro dice que tenemos un Hospital de 3\u00aa categor\u00eda\u201d dijo la delegada.<\/p>\n\n\n\n<p>Hasta el momento ninguna autoridad municipal o provincial de acerc\u00f3 a brindar apoyo a los trabajadores del hospital.<\/p>\n\n\n\n<figure class=\"wp-block-image size-full is-resized\"><img loading=\"lazy\" decoding=\"async\" src=\"https:\/\/www.todoeldia.com\/wp-content\/uploads\/2022\/11\/image-95.png\" alt=\"\" class=\"wp-image-48594\" width=\"909\" height=\"523\"\/><\/figure>\n\n\n\n<p>Llevan una semana de asambleas pidiendo que el Ministro de Salud, atienda los reclamos de los trabajadores del hospital en materia de profesionales, entrega de ropa de trabajo que hace cuatro a\u00f1os no se hace, el pase a planta permanente de cerca de 45 trabajadores contratados entre los que est\u00e1n los que se sumaron en tiempo de pandemia, un bono de fin de a\u00f1o para palear el proceso inflacionario y conocer que pas\u00f3 con los 78 millones de pesos, seg\u00fan coment\u00f3 la delegada gremial de ATE, Marcela Rodr\u00edguez.<\/p>\n\n\n\n<p>Entre los reclamos, los trabajadores aseguran que, por la falta de profesionales, no se est\u00e1n realizando las guardias los fines de semana, por lo que todas las personas que tienen urgencias son trasladadas a Salta.<\/p>\n\n\n\n<p>Radio Cafayate<\/p>\n","protected":false},"excerpt":{"rendered":"<p>As\u00ed lo asegur\u00f3 la delegada gremial de ATE, Marcela Rodr\u00edguez, en una entrevista en el programa En Modo Ma\u00f1ana de Radio Cafayate, y confirm\u00f3 que se sumar\u00e1n trabajadores del nosocomio de San Carlos. Los trabajadores anunciaron un paro departamental para este viernes 18 de noviembre tras 6 d\u00edas asambleas y marchas sin tener ninguna respuesta [&hellip;]<\/p>\n","protected":false},"author":2,"featured_media":48591,"comment_status":"open","ping_status":"open","sticky":false,"template":"","format":"standard","meta":{"tdm_status":"","tdm_grid_status":"","_joinchat":[],"footnotes":""},"categories":[73],"tags":[],"class_list":{"0":"post-48590","1":"post","2":"type-post","3":"status-publish","4":"format-standard","5":"has-post-thumbnail","7":"category-noticias-general"},"amp_enabled":true,"_links":{"self":[{"href":"https:\/\/www.todoeldia.com\/index.php\/wp-json\/wp\/v2\/posts\/48590","targetHints":{"allow":["GET"]}}],"collection":[{"href":"https:\/\/www.todoeldia.com\/index.php\/wp-json\/wp\/v2\/posts"}],"about":[{"href":"https:\/\/www.todoeldia.com\/index.php\/wp-json\/wp\/v2\/types\/post"}],"author":[{"embeddable":true,"href":"https:\/\/www.todoeldia.com\/index.php\/wp-json\/wp\/v2\/users\/2"}],"replies":[{"embeddable":true,"href":"https:\/\/www.todoeldia.com\/index.php\/wp-json\/wp\/v2\/comments?post=48590"}],"version-history":[{"count":1,"href":"https:\/\/www.todoeldia.com\/index.php\/wp-json\/wp\/v2\/posts\/48590\/revisions"}],"predecessor-version":[{"id":48595,"href":"https:\/\/www.todoeldia.com\/index.php\/wp-json\/wp\/v2\/posts\/48590\/revisions\/48595"}],"wp:featuredmedia":[{"embeddable":true,"href":"https:\/\/www.todoeldia.com\/index.php\/wp-json\/wp\/v2\/media\/48591"}],"wp:attachment":[{"href":"https:\/\/www.todoeldia.com\/index.php\/wp-json\/wp\/v2\/media?parent=48590"}],"wp:term":[{"taxonomy":"category","embeddable":true,"href":"https:\/\/www.todoeldia.com\/index.php\/wp-json\/wp\/v2\/categories?post=48590"},{"taxonomy":"post_tag","embeddable":true,"href":"https:\/\/www.todoeldia.com\/index.php\/wp-json\/wp\/v2\/tags?post=48590"}],"curies":[{"name":"wp","href":"https:\/\/api.w.org\/{rel}","templated":true}]}}