{"id":48620,"date":"2022-11-16T15:30:35","date_gmt":"2022-11-16T18:30:35","guid":{"rendered":"https:\/\/www.todoeldia.com\/?p=48620"},"modified":"2022-11-16T15:30:37","modified_gmt":"2022-11-16T18:30:37","slug":"juntos-por-el-cambio-no-ira-a-la-sesion-de-presupuesto-y-judicializara-la-designacion-de-donate-en-el-consejo-de-la-magistratura","status":"publish","type":"post","link":"https:\/\/www.todoeldia.com\/index.php\/2022\/11\/16\/juntos-por-el-cambio-no-ira-a-la-sesion-de-presupuesto-y-judicializara-la-designacion-de-donate-en-el-consejo-de-la-magistratura\/","title":{"rendered":"Juntos por el Cambio no ir\u00e1 a la sesi\u00f3n de Presupuesto y judicializar\u00e1 la designaci\u00f3n de Do\u00f1ate en el Consejo de la Magistratura"},"content":{"rendered":"\n<p>La oposici\u00f3n defini\u00f3 no bajar al recinto del Senado como consecuencia de la maniobra del Frente de Todos de votar a los representantes para el \u00f3rgano judicial. Conflicto de poderes con la Corte Suprema.<\/p>\n\n\n\n<p>La discusi\u00f3n por los miembros del Senado para el Consejo de la Magistratura tom\u00f3 un nuevo giro. El Frente de Todos no s\u00f3lo avanz\u00f3 en la designaci\u00f3n de sus representantes, sino que defini\u00f3 llevarlo al recinto para que sea votado por el pleno de los legisladores.<\/p>\n\n\n\n<p>Mediante el Decreto Parlamentario 86\/22, la presidencia de la C\u00e1mara design\u00f3 a los oficialistas Mar\u00eda Pilatti Vergara, Mariano Recalde y Mart\u00edn Do\u00f1ate, mientras que por la oposici\u00f3n fue incluido el radical Eduardo Alejandro Vischi, excluyendo a Luis Juez, del PRO.<\/p>\n\n\n\n<p>El mismo decreto, adem\u00e1s, coloca como suplentes a Claudia Abdala Ledesma Abdala, al pampeano Daniel Bensus\u00e1n y a la tambi\u00e9n oficialista Anabel Fern\u00e1ndez Sagasti, mientras que por Juntos por el Cambio ubica a la radical Silvia Giacoppo.<\/p>\n\n\n\n<p>Pero no solo eso, sino que la presidenta provisional del Senado, Ledesma Abdala de Zamora, defini\u00f3 incluir el decreto en el temario de la sesi\u00f3n para que sea aprobado por los legisladores y de esa manera obtener el respaldo pol\u00edtico.<\/p>\n","protected":false},"excerpt":{"rendered":"<p>La oposici\u00f3n defini\u00f3 no bajar al recinto del Senado como consecuencia de la maniobra del Frente de Todos de votar a los representantes para el \u00f3rgano judicial. Conflicto de poderes con la Corte Suprema. La discusi\u00f3n por los miembros del Senado para el Consejo de la Magistratura tom\u00f3 un nuevo giro. El Frente de Todos [&hellip;]<\/p>\n","protected":false},"author":2,"featured_media":48621,"comment_status":"open","ping_status":"open","sticky":false,"template":"","format":"standard","meta":{"tdm_status":"","tdm_grid_status":"","_joinchat":[],"footnotes":""},"categories":[59],"tags":[],"class_list":{"0":"post-48620","1":"post","2":"type-post","3":"status-publish","4":"format-standard","5":"has-post-thumbnail","7":"category-politica"},"amp_enabled":true,"_links":{"self":[{"href":"https:\/\/www.todoeldia.com\/index.php\/wp-json\/wp\/v2\/posts\/48620","targetHints":{"allow":["GET"]}}],"collection":[{"href":"https:\/\/www.todoeldia.com\/index.php\/wp-json\/wp\/v2\/posts"}],"about":[{"href":"https:\/\/www.todoeldia.com\/index.php\/wp-json\/wp\/v2\/types\/post"}],"author":[{"embeddable":true,"href":"https:\/\/www.todoeldia.com\/index.php\/wp-json\/wp\/v2\/users\/2"}],"replies":[{"embeddable":true,"href":"https:\/\/www.todoeldia.com\/index.php\/wp-json\/wp\/v2\/comments?post=48620"}],"version-history":[{"count":1,"href":"https:\/\/www.todoeldia.com\/index.php\/wp-json\/wp\/v2\/posts\/48620\/revisions"}],"predecessor-version":[{"id":48622,"href":"https:\/\/www.todoeldia.com\/index.php\/wp-json\/wp\/v2\/posts\/48620\/revisions\/48622"}],"wp:featuredmedia":[{"embeddable":true,"href":"https:\/\/www.todoeldia.com\/index.php\/wp-json\/wp\/v2\/media\/48621"}],"wp:attachment":[{"href":"https:\/\/www.todoeldia.com\/index.php\/wp-json\/wp\/v2\/media?parent=48620"}],"wp:term":[{"taxonomy":"category","embeddable":true,"href":"https:\/\/www.todoeldia.com\/index.php\/wp-json\/wp\/v2\/categories?post=48620"},{"taxonomy":"post_tag","embeddable":true,"href":"https:\/\/www.todoeldia.com\/index.php\/wp-json\/wp\/v2\/tags?post=48620"}],"curies":[{"name":"wp","href":"https:\/\/api.w.org\/{rel}","templated":true}]}}