{"id":48642,"date":"2022-11-16T21:00:47","date_gmt":"2022-11-17T00:00:47","guid":{"rendered":"https:\/\/www.todoeldia.com\/?p=48642"},"modified":"2022-11-16T21:00:50","modified_gmt":"2022-11-17T00:00:50","slug":"detienen-a-delincuentes-que-rompian-vidrieras-para-robar","status":"publish","type":"post","link":"https:\/\/www.todoeldia.com\/index.php\/2022\/11\/16\/detienen-a-delincuentes-que-rompian-vidrieras-para-robar\/","title":{"rendered":"Detienen a delincuentes que romp\u00edan vidrieras para robar"},"content":{"rendered":"\n<p>La Polic\u00eda trabajo en base a un robo con la modalidad violenta de romper vidrieras de locales comerciales, ocurrido en avenida Di Pascuo de la zona oeste de la ciudad.<\/p>\n\n\n\n<p>Esta ma\u00f1ana concretaron las medidas judiciales dispuestas, que derivaron en los allanamientos, la detenci\u00f3n de los principales investigados y el secuestro de importantes elementos de inter\u00e9s para la causa.<\/p>\n\n\n\n<figure class=\"wp-block-image size-large\"><img loading=\"lazy\" decoding=\"async\" width=\"576\" height=\"1024\" src=\"https:\/\/www.todoeldia.com\/wp-content\/uploads\/2022\/11\/image-106-576x1024.png\" alt=\"\" class=\"wp-image-48644\" srcset=\"https:\/\/www.todoeldia.com\/wp-content\/uploads\/2022\/11\/image-106-576x1024.png 576w, https:\/\/www.todoeldia.com\/wp-content\/uploads\/2022\/11\/image-106-169x300.png 169w, https:\/\/www.todoeldia.com\/wp-content\/uploads\/2022\/11\/image-106-768x1365.png 768w, https:\/\/www.todoeldia.com\/wp-content\/uploads\/2022\/11\/image-106-864x1536.png 864w, https:\/\/www.todoeldia.com\/wp-content\/uploads\/2022\/11\/image-106-300x533.png 300w, https:\/\/www.todoeldia.com\/wp-content\/uploads\/2022\/11\/image-106-696x1237.png 696w, https:\/\/www.todoeldia.com\/wp-content\/uploads\/2022\/11\/image-106-236x420.png 236w, https:\/\/www.todoeldia.com\/wp-content\/uploads\/2022\/11\/image-106.png 900w\" sizes=\"auto, (max-width: 576px) 100vw, 576px\" \/><\/figure>\n\n\n\n<p>El hecho se registr\u00f3 el pasado 22 de octubre en horas de la madrugada en avenida Di Pascuo, donde conforme a la alerta y verificaci\u00f3n de los uniformados, habr\u00edan violentado las puertas y vidrieras de varios locales para consumar la sustracci\u00f3n de diferentes elementos.<\/p>\n\n\n\n<p>En consecuencia, los efectivos trabajaron sobre l\u00edneas investigativas asociadas a la modalidad en la que los causantes habr\u00edan operado y como resultado del perfilamiento criminal identificaron a los sospechosos.<\/p>\n\n\n\n<figure class=\"wp-block-image size-full\"><img loading=\"lazy\" decoding=\"async\" width=\"1024\" height=\"576\" src=\"https:\/\/www.todoeldia.com\/wp-content\/uploads\/2022\/11\/image-107.png\" alt=\"\" class=\"wp-image-48645\" srcset=\"https:\/\/www.todoeldia.com\/wp-content\/uploads\/2022\/11\/image-107.png 1024w, https:\/\/www.todoeldia.com\/wp-content\/uploads\/2022\/11\/image-107-300x169.png 300w, https:\/\/www.todoeldia.com\/wp-content\/uploads\/2022\/11\/image-107-768x432.png 768w, https:\/\/www.todoeldia.com\/wp-content\/uploads\/2022\/11\/image-107-696x392.png 696w, https:\/\/www.todoeldia.com\/wp-content\/uploads\/2022\/11\/image-107-747x420.png 747w\" sizes=\"auto, (max-width: 1024px) 100vw, 1024px\" \/><\/figure>\n\n\n\n<p>Con todos los elementos reunidos durante el proceso de investigaci\u00f3n, con intervenci\u00f3n del Juzgado de Garant\u00edas N\u00b0 2 consiguieron la orden de allanamiento, concretada esta madrugada de forma simult\u00e1nea en dos inmuebles de barrio Jes\u00fas Mar\u00eda y 17 de mayo de la capital salte\u00f1a.<\/p>\n\n\n\n<p>Como resultado de la medida judicial, detuvieron a dos j\u00f3venes de 25 y 30 a\u00f1os; secuestraron valiosos elementos de prueba y drogas.<\/p>\n","protected":false},"excerpt":{"rendered":"<p>La Polic\u00eda trabajo en base a un robo con la modalidad violenta de romper vidrieras de locales comerciales, ocurrido en avenida Di Pascuo de la zona oeste de la ciudad. Esta ma\u00f1ana concretaron las medidas judiciales dispuestas, que derivaron en los allanamientos, la detenci\u00f3n de los principales investigados y el secuestro de importantes elementos de [&hellip;]<\/p>\n","protected":false},"author":2,"featured_media":48643,"comment_status":"open","ping_status":"open","sticky":false,"template":"","format":"standard","meta":{"tdm_status":"","tdm_grid_status":"","_joinchat":[],"footnotes":""},"categories":[63],"tags":[],"class_list":{"0":"post-48642","1":"post","2":"type-post","3":"status-publish","4":"format-standard","5":"has-post-thumbnail","7":"category-policiales"},"amp_enabled":true,"_links":{"self":[{"href":"https:\/\/www.todoeldia.com\/index.php\/wp-json\/wp\/v2\/posts\/48642","targetHints":{"allow":["GET"]}}],"collection":[{"href":"https:\/\/www.todoeldia.com\/index.php\/wp-json\/wp\/v2\/posts"}],"about":[{"href":"https:\/\/www.todoeldia.com\/index.php\/wp-json\/wp\/v2\/types\/post"}],"author":[{"embeddable":true,"href":"https:\/\/www.todoeldia.com\/index.php\/wp-json\/wp\/v2\/users\/2"}],"replies":[{"embeddable":true,"href":"https:\/\/www.todoeldia.com\/index.php\/wp-json\/wp\/v2\/comments?post=48642"}],"version-history":[{"count":1,"href":"https:\/\/www.todoeldia.com\/index.php\/wp-json\/wp\/v2\/posts\/48642\/revisions"}],"predecessor-version":[{"id":48646,"href":"https:\/\/www.todoeldia.com\/index.php\/wp-json\/wp\/v2\/posts\/48642\/revisions\/48646"}],"wp:featuredmedia":[{"embeddable":true,"href":"https:\/\/www.todoeldia.com\/index.php\/wp-json\/wp\/v2\/media\/48643"}],"wp:attachment":[{"href":"https:\/\/www.todoeldia.com\/index.php\/wp-json\/wp\/v2\/media?parent=48642"}],"wp:term":[{"taxonomy":"category","embeddable":true,"href":"https:\/\/www.todoeldia.com\/index.php\/wp-json\/wp\/v2\/categories?post=48642"},{"taxonomy":"post_tag","embeddable":true,"href":"https:\/\/www.todoeldia.com\/index.php\/wp-json\/wp\/v2\/tags?post=48642"}],"curies":[{"name":"wp","href":"https:\/\/api.w.org\/{rel}","templated":true}]}}