{"id":48663,"date":"2022-11-17T10:51:02","date_gmt":"2022-11-17T13:51:02","guid":{"rendered":"https:\/\/www.todoeldia.com\/?p=48663"},"modified":"2022-11-17T10:51:43","modified_gmt":"2022-11-17T13:51:43","slug":"abel-cornejo-confirmo-que-deja-el-ministerio-de-seguridad-el-2-de-diciembre","status":"publish","type":"post","link":"https:\/\/www.todoeldia.com\/index.php\/2022\/11\/17\/abel-cornejo-confirmo-que-deja-el-ministerio-de-seguridad-el-2-de-diciembre\/","title":{"rendered":"Abel Cornejo confirm\u00f3 que deja el ministerio de Seguridad el 2 de diciembre"},"content":{"rendered":"\n<p>El ministro de Seguridad, Abel Cornejo confirm\u00f3 esta ma\u00f1ana que dejar\u00e1 su cargo el pr\u00f3ximo 2 de diciembre.<\/p>\n\n\n\n<p>Meses atr\u00e1s hab\u00eda anunciado que hablar\u00eda con el Gobernador Gustavo S\u00e1enz para ser candidato a Intendente en los comicios del 14 de mayo.<\/p>\n\n\n\n<figure class=\"wp-block-image size-large\"><img loading=\"lazy\" decoding=\"async\" width=\"1024\" height=\"732\" src=\"https:\/\/www.todoeldia.com\/wp-content\/uploads\/2022\/11\/image-110-1024x732.png\" alt=\"\" class=\"wp-image-48665\" srcset=\"https:\/\/www.todoeldia.com\/wp-content\/uploads\/2022\/11\/image-110-1024x732.png 1024w, https:\/\/www.todoeldia.com\/wp-content\/uploads\/2022\/11\/image-110-300x215.png 300w, https:\/\/www.todoeldia.com\/wp-content\/uploads\/2022\/11\/image-110-768x549.png 768w, https:\/\/www.todoeldia.com\/wp-content\/uploads\/2022\/11\/image-110-1536x1098.png 1536w, https:\/\/www.todoeldia.com\/wp-content\/uploads\/2022\/11\/image-110-696x498.png 696w, https:\/\/www.todoeldia.com\/wp-content\/uploads\/2022\/11\/image-110-1068x764.png 1068w, https:\/\/www.todoeldia.com\/wp-content\/uploads\/2022\/11\/image-110-587x420.png 587w, https:\/\/www.todoeldia.com\/wp-content\/uploads\/2022\/11\/image-110-100x70.png 100w, https:\/\/www.todoeldia.com\/wp-content\/uploads\/2022\/11\/image-110.png 1600w\" sizes=\"auto, (max-width: 1024px) 100vw, 1024px\" \/><\/figure>\n\n\n\n<p>Cornejo presidi\u00f3 esta ma\u00f1ana el acto de reconocimiento con ascenso al grado inmediato superior a los 4 suboficiales de la divisi\u00f3n rural y ambiental, que se encontraban en la ruta en la b\u00fasqueda de pescadores y cazadores furtivos y se toparon con un veh\u00edculo que llevaba 417 kilos de coca\u00edna.<\/p>\n","protected":false},"excerpt":{"rendered":"<p>El ministro de Seguridad, Abel Cornejo confirm\u00f3 esta ma\u00f1ana que dejar\u00e1 su cargo el pr\u00f3ximo 2 de diciembre. Meses atr\u00e1s hab\u00eda anunciado que hablar\u00eda con el Gobernador Gustavo S\u00e1enz para ser candidato a Intendente en los comicios del 14 de mayo. Cornejo presidi\u00f3 esta ma\u00f1ana el acto de reconocimiento con ascenso al grado inmediato superior [&hellip;]<\/p>\n","protected":false},"author":2,"featured_media":17129,"comment_status":"open","ping_status":"open","sticky":false,"template":"","format":"standard","meta":{"tdm_status":"","tdm_grid_status":"","_joinchat":[],"footnotes":""},"categories":[63],"tags":[],"class_list":{"0":"post-48663","1":"post","2":"type-post","3":"status-publish","4":"format-standard","5":"has-post-thumbnail","7":"category-policiales"},"amp_enabled":true,"_links":{"self":[{"href":"https:\/\/www.todoeldia.com\/index.php\/wp-json\/wp\/v2\/posts\/48663","targetHints":{"allow":["GET"]}}],"collection":[{"href":"https:\/\/www.todoeldia.com\/index.php\/wp-json\/wp\/v2\/posts"}],"about":[{"href":"https:\/\/www.todoeldia.com\/index.php\/wp-json\/wp\/v2\/types\/post"}],"author":[{"embeddable":true,"href":"https:\/\/www.todoeldia.com\/index.php\/wp-json\/wp\/v2\/users\/2"}],"replies":[{"embeddable":true,"href":"https:\/\/www.todoeldia.com\/index.php\/wp-json\/wp\/v2\/comments?post=48663"}],"version-history":[{"count":2,"href":"https:\/\/www.todoeldia.com\/index.php\/wp-json\/wp\/v2\/posts\/48663\/revisions"}],"predecessor-version":[{"id":48667,"href":"https:\/\/www.todoeldia.com\/index.php\/wp-json\/wp\/v2\/posts\/48663\/revisions\/48667"}],"wp:featuredmedia":[{"embeddable":true,"href":"https:\/\/www.todoeldia.com\/index.php\/wp-json\/wp\/v2\/media\/17129"}],"wp:attachment":[{"href":"https:\/\/www.todoeldia.com\/index.php\/wp-json\/wp\/v2\/media?parent=48663"}],"wp:term":[{"taxonomy":"category","embeddable":true,"href":"https:\/\/www.todoeldia.com\/index.php\/wp-json\/wp\/v2\/categories?post=48663"},{"taxonomy":"post_tag","embeddable":true,"href":"https:\/\/www.todoeldia.com\/index.php\/wp-json\/wp\/v2\/tags?post=48663"}],"curies":[{"name":"wp","href":"https:\/\/api.w.org\/{rel}","templated":true}]}}