{"id":48675,"date":"2022-11-17T11:14:26","date_gmt":"2022-11-17T14:14:26","guid":{"rendered":"https:\/\/www.todoeldia.com\/?p=48675"},"modified":"2022-11-17T11:14:28","modified_gmt":"2022-11-17T14:14:28","slug":"le-allanaron-la-casa-a-un-vendedor-de-drogas-en-barrio-el-pilar","status":"publish","type":"post","link":"https:\/\/www.todoeldia.com\/index.php\/2022\/11\/17\/le-allanaron-la-casa-a-un-vendedor-de-drogas-en-barrio-el-pilar\/","title":{"rendered":"Le allanaron la casa a un vendedor de drogas en barrio El Pilar"},"content":{"rendered":"\n<p>El fiscal Penal de UFINAR, Santiago L\u00f3pez Soto, solicit\u00f3 al Juzgado de Garant\u00edas el allanamiento de la vivienda del hombre.<\/p>\n\n\n\n<p>El fiscal Penal de la Unidad Fiscal contra la Narcocriminalidad, Santiago L\u00f3pez Soto, imput\u00f3 provisionalmente a un hombre por el delito de tenencia de estupefacientes con fines de comercializaci\u00f3n.<\/p>\n\n\n\n<p>En mayo de 2022, una denuncia an\u00f3nima daba cuenta que en una vivienda de calle Severo Segura Sequeira de barrio El Pilar comercializaban drogas, por lo que desde UFINAR se inici\u00f3 una investigaci\u00f3n.<\/p>\n\n\n\n<p>Los efectivos de la Divisi\u00f3n de Drogas Peligrosas pudieron identificar que el hombre recib\u00eda a numerosas personas en la vivienda, intercambiando \u201cpapelitos\u201d por dinero para luego retirarse.<\/p>\n\n\n\n<p>En octubre, la madre de un joven con problemas de adicci\u00f3n, present\u00f3 ante los investigadores capturas de pantalla del celular de su hijo en las que se apreciaba c\u00f3mo \u00e9ste le compraba al imputado sustancias estupefacientes.<\/p>\n\n\n\n<p>Teniendo en cuenta las pruebas recabadas, L\u00f3pez Soto solicit\u00f3 al Juzgado de Garant\u00edas el allanamiento de la vivienda, medida que finalmente tuvo lugar la madrugada del 10 de noviembre.<\/p>\n\n\n\n<p>Durante el procedimiento fueron secuestradas el equivalente a unas 700 dosis de paco, 10.400 pesos y un celular.<\/p>\n\n\n\n<p>El hombre se encuentra detenido en la Alcaid\u00eda General de la Provincia.<\/p>\n","protected":false},"excerpt":{"rendered":"<p>El fiscal Penal de UFINAR, Santiago L\u00f3pez Soto, solicit\u00f3 al Juzgado de Garant\u00edas el allanamiento de la vivienda del hombre. El fiscal Penal de la Unidad Fiscal contra la Narcocriminalidad, Santiago L\u00f3pez Soto, imput\u00f3 provisionalmente a un hombre por el delito de tenencia de estupefacientes con fines de comercializaci\u00f3n. En mayo de 2022, una denuncia [&hellip;]<\/p>\n","protected":false},"author":2,"featured_media":23379,"comment_status":"open","ping_status":"open","sticky":false,"template":"","format":"standard","meta":{"tdm_status":"","tdm_grid_status":"","_joinchat":[],"footnotes":""},"categories":[63],"tags":[],"class_list":{"0":"post-48675","1":"post","2":"type-post","3":"status-publish","4":"format-standard","5":"has-post-thumbnail","7":"category-policiales"},"amp_enabled":true,"_links":{"self":[{"href":"https:\/\/www.todoeldia.com\/index.php\/wp-json\/wp\/v2\/posts\/48675","targetHints":{"allow":["GET"]}}],"collection":[{"href":"https:\/\/www.todoeldia.com\/index.php\/wp-json\/wp\/v2\/posts"}],"about":[{"href":"https:\/\/www.todoeldia.com\/index.php\/wp-json\/wp\/v2\/types\/post"}],"author":[{"embeddable":true,"href":"https:\/\/www.todoeldia.com\/index.php\/wp-json\/wp\/v2\/users\/2"}],"replies":[{"embeddable":true,"href":"https:\/\/www.todoeldia.com\/index.php\/wp-json\/wp\/v2\/comments?post=48675"}],"version-history":[{"count":1,"href":"https:\/\/www.todoeldia.com\/index.php\/wp-json\/wp\/v2\/posts\/48675\/revisions"}],"predecessor-version":[{"id":48676,"href":"https:\/\/www.todoeldia.com\/index.php\/wp-json\/wp\/v2\/posts\/48675\/revisions\/48676"}],"wp:featuredmedia":[{"embeddable":true,"href":"https:\/\/www.todoeldia.com\/index.php\/wp-json\/wp\/v2\/media\/23379"}],"wp:attachment":[{"href":"https:\/\/www.todoeldia.com\/index.php\/wp-json\/wp\/v2\/media?parent=48675"}],"wp:term":[{"taxonomy":"category","embeddable":true,"href":"https:\/\/www.todoeldia.com\/index.php\/wp-json\/wp\/v2\/categories?post=48675"},{"taxonomy":"post_tag","embeddable":true,"href":"https:\/\/www.todoeldia.com\/index.php\/wp-json\/wp\/v2\/tags?post=48675"}],"curies":[{"name":"wp","href":"https:\/\/api.w.org\/{rel}","templated":true}]}}