{"id":48677,"date":"2022-11-17T14:04:55","date_gmt":"2022-11-17T17:04:55","guid":{"rendered":"https:\/\/www.todoeldia.com\/?p=48677"},"modified":"2022-11-17T14:04:57","modified_gmt":"2022-11-17T17:04:57","slug":"femicidio-de-paola-avila-la-fiscalia-pidio-prision-perpetua-para-olmedo-y-cinco-anos-de-prision-para-otros-seis-imputados","status":"publish","type":"post","link":"https:\/\/www.todoeldia.com\/index.php\/2022\/11\/17\/femicidio-de-paola-avila-la-fiscalia-pidio-prision-perpetua-para-olmedo-y-cinco-anos-de-prision-para-otros-seis-imputados\/","title":{"rendered":"Femicidio de Paola \u00c1vila: La fiscal\u00eda pidi\u00f3 prisi\u00f3n perpetua para Olmedo y cinco a\u00f1os de prisi\u00f3n para otros seis imputados"},"content":{"rendered":"\n<p>El juicio por el femicidio de Paola del Milagro \u00c1vila transita sus instancias finales. Hoy comenzaron los alegatos de las partes.<\/p>\n\n\n\n<p>En la causa hay nueve imputados por homicidio agravado por alevos\u00eda, ensa\u00f1amiento y por mediar violencia de g\u00e9nero (femicidio). Ellos son Pablo Guillermo Campos (alias \u201cPelado\u201d), Jorge Ignacio Olmedo (alias \u201cColita\u201d), Claudio Mario Herrera (alias \u201cCuqui\u201d), Ezequiel Alejandro Guzm\u00e1n (alias \u201cKeco\u201d), Javier Alejandro Alfaro (alias \u201cJavi\u201d), Leonel Edgar Ra\u00fal Su\u00e1rez (alias \u201cLeo\u201d), Gladys del Milagro Pastrana (alias \u201cMili\u201d), Romina Gimena Bracamonte (alias \u201cRumi\u201d) y Cristian Rub\u00e9n Salas (alias \u201cLup\u00edn\u201d).<\/p>\n\n\n\n<p>Luego de la incorporaci\u00f3n de la prueba reunida, comenz\u00f3 la producci\u00f3n de los alegatos. En primer t\u00e9rmino expuso la fiscal de la UFEM, M\u00f3nica Poma. A partir del material probatorio reunido, la parte acusadora determin\u00f3 diferentes grados de responsabilidad en el hecho juzgado.<\/p>\n\n\n\n<p>La fiscal\u00eda solicit\u00f3 pena de prisi\u00f3n perpetua para Jorge Ignacio Olmedo por considerarlo autor del delito de homicidio agravado por ensa\u00f1amiento, alevos\u00eda y por mediar violencia de g\u00e9nero (femicidio).<\/p>\n\n\n\n<p>Para Claudio Herrera, Gladys Pastrana, Romina Bracamonte, Cristian Salas, Javier Alfaro y Leonel Su\u00e1rez, la fiscal\u00eda solicit\u00f3 la pena de cinco a\u00f1os de prisi\u00f3n efectiva por el delito de encubrimiento agravado y encubrimiento en raz\u00f3n del delito principal. En el caso de los imputados e imputadas que se encuentran libres con medidas sustitutivas, la representante del Ministerio P\u00fablico pidi\u00f3 que se ordenen medidas cautelares para garantizar su presencia en la audiencia hasta tanto se dicte el fallo.<\/p>\n\n\n\n<p>Por \u00faltimo, la fiscal solicit\u00f3 la absoluci\u00f3n de los acusados Pablo Campos y Ezequiel Guzm\u00e1n por considerar que no existen elementos para sostener su acusaci\u00f3n.<\/p>\n\n\n\n<p>En su alegato, la fiscal asever\u00f3 que Paola \u00c1vila fue ultimada entre las 6 y las 8 de la ma\u00f1ana del 17 de enero de 2020, en el mismo sitio donde fue encontrado su cuerpo, en barrio Puerto Argentino. La joven presentaba traumatismo enc\u00e9falocraneano grave, fractura de cr\u00e1neo y hueso malar y heridas cortantes en el rostro. Ten\u00eda dos pedazos de concreto sobre la cabeza.<\/p>\n\n\n\n<p>El contexto era un bald\u00edo con abundante maleza y escombros, ubicado al lado de un play\u00f3n y una construcci\u00f3n abandonadas donde alguna vez hab\u00eda funcionado un centro vecinal. El sitio era conocido como el \u201cbunker\u201d o la \u201cchoza\u201d y era utilizado por vecinos para el consumo de alcohol y sustancias estupefacientes.<\/p>\n\n\n\n<p>La audiencia continuar\u00e1 con la exposici\u00f3n de los alegatos de las defensas, que se desarrollar\u00e1 entre hoy y ma\u00f1ana. Sandra Ortiz es la representante legal de los imputados Pablo Campos y Cristian Salas. Jorge Bonetto representa a Romina Bracamonte, Leonel Su\u00e1rez y Gladys Pastrana; Jaime L\u00f3pez Figueroa a Jorge Olmedo; Marcelo Arancibia a Ezequiel Guzm\u00e1n, y Agust\u00edn Sol\u00e1 Garrido a Claudio Herrera y Javier Alfaro.<\/p>\n\n\n\n<p>El juicio se lleva a cabo con tribunal colegiado integrado por los jueces Federico Diez (presidente), Paola Marocco y Francisco Mascarello (vocales).<\/p>\n","protected":false},"excerpt":{"rendered":"<p>El juicio por el femicidio de Paola del Milagro \u00c1vila transita sus instancias finales. Hoy comenzaron los alegatos de las partes. En la causa hay nueve imputados por homicidio agravado por alevos\u00eda, ensa\u00f1amiento y por mediar violencia de g\u00e9nero (femicidio). Ellos son Pablo Guillermo Campos (alias \u201cPelado\u201d), Jorge Ignacio Olmedo (alias \u201cColita\u201d), Claudio Mario Herrera [&hellip;]<\/p>\n","protected":false},"author":2,"featured_media":48678,"comment_status":"open","ping_status":"open","sticky":false,"template":"","format":"standard","meta":{"tdm_status":"","tdm_grid_status":"","_joinchat":[],"footnotes":""},"categories":[63],"tags":[],"class_list":{"0":"post-48677","1":"post","2":"type-post","3":"status-publish","4":"format-standard","5":"has-post-thumbnail","7":"category-policiales"},"amp_enabled":true,"_links":{"self":[{"href":"https:\/\/www.todoeldia.com\/index.php\/wp-json\/wp\/v2\/posts\/48677","targetHints":{"allow":["GET"]}}],"collection":[{"href":"https:\/\/www.todoeldia.com\/index.php\/wp-json\/wp\/v2\/posts"}],"about":[{"href":"https:\/\/www.todoeldia.com\/index.php\/wp-json\/wp\/v2\/types\/post"}],"author":[{"embeddable":true,"href":"https:\/\/www.todoeldia.com\/index.php\/wp-json\/wp\/v2\/users\/2"}],"replies":[{"embeddable":true,"href":"https:\/\/www.todoeldia.com\/index.php\/wp-json\/wp\/v2\/comments?post=48677"}],"version-history":[{"count":1,"href":"https:\/\/www.todoeldia.com\/index.php\/wp-json\/wp\/v2\/posts\/48677\/revisions"}],"predecessor-version":[{"id":48679,"href":"https:\/\/www.todoeldia.com\/index.php\/wp-json\/wp\/v2\/posts\/48677\/revisions\/48679"}],"wp:featuredmedia":[{"embeddable":true,"href":"https:\/\/www.todoeldia.com\/index.php\/wp-json\/wp\/v2\/media\/48678"}],"wp:attachment":[{"href":"https:\/\/www.todoeldia.com\/index.php\/wp-json\/wp\/v2\/media?parent=48677"}],"wp:term":[{"taxonomy":"category","embeddable":true,"href":"https:\/\/www.todoeldia.com\/index.php\/wp-json\/wp\/v2\/categories?post=48677"},{"taxonomy":"post_tag","embeddable":true,"href":"https:\/\/www.todoeldia.com\/index.php\/wp-json\/wp\/v2\/tags?post=48677"}],"curies":[{"name":"wp","href":"https:\/\/api.w.org\/{rel}","templated":true}]}}