{"id":48680,"date":"2022-11-17T17:59:00","date_gmt":"2022-11-17T20:59:00","guid":{"rendered":"https:\/\/www.todoeldia.com\/?p=48680"},"modified":"2022-11-17T17:59:02","modified_gmt":"2022-11-17T20:59:02","slug":"oficial-nicolas-gonzalez-y-joaquin-correa-fueron-desafectados-de-la-seleccion-argentina","status":"publish","type":"post","link":"https:\/\/www.todoeldia.com\/index.php\/2022\/11\/17\/oficial-nicolas-gonzalez-y-joaquin-correa-fueron-desafectados-de-la-seleccion-argentina\/","title":{"rendered":"Oficial: Nicol\u00e1s Gonz\u00e1lez y Joaqu\u00edn Correa fueron desafectados de la selecci\u00f3n argentina"},"content":{"rendered":"\n<p>El jugador de la Fiorentina, que acarreaba problemas f\u00edsicos, sufri\u00f3 una lesi\u00f3n muscular en la primera pr\u00e1ctica del plantel en Doha: lo reemplazar\u00e1 \u00c1ngel Correa. Y el hombre del Inter, que hab\u00eda hecho un gol ante Emiratos \u00c1rabes, hab\u00eda terminado tocado.<\/p>\n\n\n\n<p>\u201cTras el entrenamiento de hoy, el futbolista Nicol\u00e1s Gonz\u00e1lez sufri\u00f3 una lesi\u00f3n muscular y quedar\u00e1 desafectado de la n\u00f3mina mundialista. En su reemplazo, el cuerpo t\u00e9cnico de Argentina convoca a \u00c1ngel Correa\u201d, rez\u00f3 el escueto comunicado mediante el que la Selecci\u00f3n anunci\u00f3 la baja del delantero de la Fiorentina, de 24 a\u00f1os, y la incorporaci\u00f3n del ex San Lorenzo, quien hab\u00eda quedado afuera en el \u00faltimo corte.<\/p>\n\n\n\n<p>Fue el comienzo de una jornada agitada en Qatar University, el hogar de la Albiceleste en Doha. Es que no fue el primero en perder su lugar en la n\u00f3mina. Cerca de las 18 (hora argentina), el seleccionado confirm\u00f3 otra baja: \u201cEl jugador Joaqu\u00edn Correa tambi\u00e9n ser\u00e1 desafectado de la convocatoria mundialista por lesi\u00f3n. El reemplazante ser\u00e1 informado en las pr\u00f3ximas horas\u201d.<\/p>\n\n\n\n<p>El detalle de lo sucedido con ambos en los \u00faltimos d\u00edas explica la decisi\u00f3n del cuerpo t\u00e9cnico. El ex Argentinos acarreaba problemas f\u00edsicos, al punto de que no particip\u00f3 del amistoso de ayer ante Emiratos \u00c1rabes. Y en el primer ensayo del plantel en Qatar University sufri\u00f3 una nueva dolencia que result\u00f3 decisiva. Luego del 5-0 en Abu Dhabi, Lionel Scaloni hab\u00eda advertido que varios integrantes del plantel llegaban tocados a la Copa del Mundo. Y no hab\u00eda descartado modificaciones en la n\u00f3mina.<\/p>\n\n\n\n<p>\u201cEs verdad que hay algunos que no jugaron por precauci\u00f3n y porque ten\u00edan alguna molestia y a esos no los arriesgamos. Hay posibilidad de cambiar la lista de 26. Depende de la evoluci\u00f3n de los lesionados. El resto ha jugado y no se les dice mucho m\u00e1s. Ellos son bastante grandecitos como para decir si est\u00e1n en condiciones de seguir o no\u201d, lanz\u00f3 el entrenador de la Albiceleste en zona mixta.<\/p>\n","protected":false},"excerpt":{"rendered":"<p>El jugador de la Fiorentina, que acarreaba problemas f\u00edsicos, sufri\u00f3 una lesi\u00f3n muscular en la primera pr\u00e1ctica del plantel en Doha: lo reemplazar\u00e1 \u00c1ngel Correa. Y el hombre del Inter, que hab\u00eda hecho un gol ante Emiratos \u00c1rabes, hab\u00eda terminado tocado. \u201cTras el entrenamiento de hoy, el futbolista Nicol\u00e1s Gonz\u00e1lez sufri\u00f3 una lesi\u00f3n muscular y [&hellip;]<\/p>\n","protected":false},"author":2,"featured_media":48681,"comment_status":"open","ping_status":"open","sticky":false,"template":"","format":"standard","meta":{"tdm_status":"","tdm_grid_status":"","_joinchat":[],"footnotes":""},"categories":[62],"tags":[],"class_list":{"0":"post-48680","1":"post","2":"type-post","3":"status-publish","4":"format-standard","5":"has-post-thumbnail","7":"category-deportes"},"amp_enabled":true,"_links":{"self":[{"href":"https:\/\/www.todoeldia.com\/index.php\/wp-json\/wp\/v2\/posts\/48680","targetHints":{"allow":["GET"]}}],"collection":[{"href":"https:\/\/www.todoeldia.com\/index.php\/wp-json\/wp\/v2\/posts"}],"about":[{"href":"https:\/\/www.todoeldia.com\/index.php\/wp-json\/wp\/v2\/types\/post"}],"author":[{"embeddable":true,"href":"https:\/\/www.todoeldia.com\/index.php\/wp-json\/wp\/v2\/users\/2"}],"replies":[{"embeddable":true,"href":"https:\/\/www.todoeldia.com\/index.php\/wp-json\/wp\/v2\/comments?post=48680"}],"version-history":[{"count":1,"href":"https:\/\/www.todoeldia.com\/index.php\/wp-json\/wp\/v2\/posts\/48680\/revisions"}],"predecessor-version":[{"id":48682,"href":"https:\/\/www.todoeldia.com\/index.php\/wp-json\/wp\/v2\/posts\/48680\/revisions\/48682"}],"wp:featuredmedia":[{"embeddable":true,"href":"https:\/\/www.todoeldia.com\/index.php\/wp-json\/wp\/v2\/media\/48681"}],"wp:attachment":[{"href":"https:\/\/www.todoeldia.com\/index.php\/wp-json\/wp\/v2\/media?parent=48680"}],"wp:term":[{"taxonomy":"category","embeddable":true,"href":"https:\/\/www.todoeldia.com\/index.php\/wp-json\/wp\/v2\/categories?post=48680"},{"taxonomy":"post_tag","embeddable":true,"href":"https:\/\/www.todoeldia.com\/index.php\/wp-json\/wp\/v2\/tags?post=48680"}],"curies":[{"name":"wp","href":"https:\/\/api.w.org\/{rel}","templated":true}]}}