{"id":48685,"date":"2022-11-17T18:18:29","date_gmt":"2022-11-17T21:18:29","guid":{"rendered":"https:\/\/www.todoeldia.com\/?p=48685"},"modified":"2022-11-17T18:18:31","modified_gmt":"2022-11-17T21:18:31","slug":"desmintio-la-ministra-de-desarrollo-social-que-los-recursos-del-plan-unir-se-hayan-eliminado","status":"publish","type":"post","link":"https:\/\/www.todoeldia.com\/index.php\/2022\/11\/17\/desmintio-la-ministra-de-desarrollo-social-que-los-recursos-del-plan-unir-se-hayan-eliminado\/","title":{"rendered":"Desminti\u00f3 la ministra de Desarrollo Social que los recursos del Plan Unir se hayan eliminado"},"content":{"rendered":"\n<p>Silvina Vargas, asegur\u00f3 por Profesional FM, que solo hubo una demora por parte del Gobierno Nacional, y asegur\u00f3 que ya no ser\u00e1 un programa nacional sino provincial.<\/p>\n\n\n\n<p>La ministra de Desarrollo Social de la Provincia, Silvina Vargas, desminti\u00f3 a la exfuncionaria que ocup\u00f3 el mismo cago hace unos meses atr\u00e1s, Ver\u00f3nica Figueroa, quien hab\u00eda informado en medios locales sobre la eliminaci\u00f3n de los recursos del Plan Unir.<\/p>\n\n\n\n<p>Se trata de un programa que posibilita a las familias de las comunidades originarias y criollas del norte provincial tener el acompa\u00f1amiento permanente de agentes institucionales para fortalecer y restituir los derechos de los integrantes de esa comunidad.<\/p>\n\n\n\n<p>Al respecto, Vargas lament\u00f3 dichas declaraciones, y asegur\u00f3 que solo hubo demoras por parte de Naci\u00f3n en la entrega de fondos. Aclar\u00f3 que nunca se eliminaron los recursos, y anunci\u00f3 que a partir del pr\u00f3ximo a\u00f1o el Plan Unir ser\u00e1 un programa que dependa exclusivamente del gobierno provincial.<\/p>\n\n\n\n<p>Seg\u00fan indic\u00f3, desde el Ministerio se logr\u00f3 incorporarlo al presupuesto 2023, y agreg\u00f3 que el 50 % de los beneficiarios de este plan ahora depender\u00e1n de la Provincia.<\/p>\n","protected":false},"excerpt":{"rendered":"<p>Silvina Vargas, asegur\u00f3 por Profesional FM, que solo hubo una demora por parte del Gobierno Nacional, y asegur\u00f3 que ya no ser\u00e1 un programa nacional sino provincial. La ministra de Desarrollo Social de la Provincia, Silvina Vargas, desminti\u00f3 a la exfuncionaria que ocup\u00f3 el mismo cago hace unos meses atr\u00e1s, Ver\u00f3nica Figueroa, quien hab\u00eda informado [&hellip;]<\/p>\n","protected":false},"author":2,"featured_media":29457,"comment_status":"open","ping_status":"open","sticky":false,"template":"","format":"standard","meta":{"tdm_status":"","tdm_grid_status":"","_joinchat":[],"footnotes":""},"categories":[73],"tags":[],"class_list":{"0":"post-48685","1":"post","2":"type-post","3":"status-publish","4":"format-standard","5":"has-post-thumbnail","7":"category-noticias-general"},"amp_enabled":true,"_links":{"self":[{"href":"https:\/\/www.todoeldia.com\/index.php\/wp-json\/wp\/v2\/posts\/48685","targetHints":{"allow":["GET"]}}],"collection":[{"href":"https:\/\/www.todoeldia.com\/index.php\/wp-json\/wp\/v2\/posts"}],"about":[{"href":"https:\/\/www.todoeldia.com\/index.php\/wp-json\/wp\/v2\/types\/post"}],"author":[{"embeddable":true,"href":"https:\/\/www.todoeldia.com\/index.php\/wp-json\/wp\/v2\/users\/2"}],"replies":[{"embeddable":true,"href":"https:\/\/www.todoeldia.com\/index.php\/wp-json\/wp\/v2\/comments?post=48685"}],"version-history":[{"count":1,"href":"https:\/\/www.todoeldia.com\/index.php\/wp-json\/wp\/v2\/posts\/48685\/revisions"}],"predecessor-version":[{"id":48686,"href":"https:\/\/www.todoeldia.com\/index.php\/wp-json\/wp\/v2\/posts\/48685\/revisions\/48686"}],"wp:featuredmedia":[{"embeddable":true,"href":"https:\/\/www.todoeldia.com\/index.php\/wp-json\/wp\/v2\/media\/29457"}],"wp:attachment":[{"href":"https:\/\/www.todoeldia.com\/index.php\/wp-json\/wp\/v2\/media?parent=48685"}],"wp:term":[{"taxonomy":"category","embeddable":true,"href":"https:\/\/www.todoeldia.com\/index.php\/wp-json\/wp\/v2\/categories?post=48685"},{"taxonomy":"post_tag","embeddable":true,"href":"https:\/\/www.todoeldia.com\/index.php\/wp-json\/wp\/v2\/tags?post=48685"}],"curies":[{"name":"wp","href":"https:\/\/api.w.org\/{rel}","templated":true}]}}