{"id":48692,"date":"2022-11-18T10:31:01","date_gmt":"2022-11-18T13:31:01","guid":{"rendered":"https:\/\/www.todoeldia.com\/?p=48692"},"modified":"2022-11-18T10:31:04","modified_gmt":"2022-11-18T13:31:04","slug":"medico-del-hospital-papa-francisco-absuelto-en-el-juicio-por-mala-praxis","status":"publish","type":"post","link":"https:\/\/www.todoeldia.com\/index.php\/2022\/11\/18\/medico-del-hospital-papa-francisco-absuelto-en-el-juicio-por-mala-praxis\/","title":{"rendered":"M\u00e9dico del Hospital Papa Francisco absuelto en el juicio por mala praxis"},"content":{"rendered":"\n<p>El profesional de 63 a\u00f1os fue juzgado por la muerte de un hombre de 74 a\u00f1os, ocurrida en agosto de 2019, luego de haberlo atendido en el hospital Papa Francisco.<\/p>\n\n\n\n<p>La fiscal penal 2 de la Unidad de Graves Atentados contra las Personas, Ver\u00f3nica Simesen de Bielke, represent\u00f3 al Ministerio P\u00fablico Fiscal ante la Sala II del Tribunal de Juicio del distrito Centro, en la audiencia de debate contra Eduardo Esteban D\u00edaz por el delito de homicidio culposo por mala praxis.<\/p>\n\n\n\n<p>Este viernes, al reanudarse la audiencia, la fiscal Simesen de Bielke en sus alegatos, realiz\u00f3 un an\u00e1lisis pormenorizado de la prueba producida a lo largo del debate y sostuvo que no pudo determinarse la negligencia, imprudencia o impericia en el desempe\u00f1o del m\u00e9dico imputado, por lo que solicit\u00f3 su absoluci\u00f3n lisa y llana. A su turno, el abogado defensor tambi\u00e9n solicit\u00f3 su absoluci\u00f3n.<\/p>\n\n\n\n<p>El juez interino Pablo Farah, en el veredicto, absolvi\u00f3 a Eduardo Esteban D\u00edaz en forma lisa del delito de homicidio culposo por mala praxis.<\/p>\n\n\n\n<p>El hecho investigado ocurri\u00f3 en agosto de 2019 cuando un hombre de 74 a\u00f1os ingres\u00f3 a la guardia del hospital Papa Francisco y fue atendido por el profesional acusado. El paciente falleci\u00f3 a las horas en su domicilio con diagn\u00f3stico de muerte s\u00fabita con etiolog\u00eda card\u00edaca.<\/p>\n","protected":false},"excerpt":{"rendered":"<p>El profesional de 63 a\u00f1os fue juzgado por la muerte de un hombre de 74 a\u00f1os, ocurrida en agosto de 2019, luego de haberlo atendido en el hospital Papa Francisco. La fiscal penal 2 de la Unidad de Graves Atentados contra las Personas, Ver\u00f3nica Simesen de Bielke, represent\u00f3 al Ministerio P\u00fablico Fiscal ante la Sala [&hellip;]<\/p>\n","protected":false},"author":2,"featured_media":32475,"comment_status":"open","ping_status":"open","sticky":false,"template":"","format":"standard","meta":{"tdm_status":"","tdm_grid_status":"","_joinchat":[],"footnotes":""},"categories":[73],"tags":[],"class_list":{"0":"post-48692","1":"post","2":"type-post","3":"status-publish","4":"format-standard","5":"has-post-thumbnail","7":"category-noticias-general"},"amp_enabled":true,"_links":{"self":[{"href":"https:\/\/www.todoeldia.com\/index.php\/wp-json\/wp\/v2\/posts\/48692","targetHints":{"allow":["GET"]}}],"collection":[{"href":"https:\/\/www.todoeldia.com\/index.php\/wp-json\/wp\/v2\/posts"}],"about":[{"href":"https:\/\/www.todoeldia.com\/index.php\/wp-json\/wp\/v2\/types\/post"}],"author":[{"embeddable":true,"href":"https:\/\/www.todoeldia.com\/index.php\/wp-json\/wp\/v2\/users\/2"}],"replies":[{"embeddable":true,"href":"https:\/\/www.todoeldia.com\/index.php\/wp-json\/wp\/v2\/comments?post=48692"}],"version-history":[{"count":1,"href":"https:\/\/www.todoeldia.com\/index.php\/wp-json\/wp\/v2\/posts\/48692\/revisions"}],"predecessor-version":[{"id":48693,"href":"https:\/\/www.todoeldia.com\/index.php\/wp-json\/wp\/v2\/posts\/48692\/revisions\/48693"}],"wp:featuredmedia":[{"embeddable":true,"href":"https:\/\/www.todoeldia.com\/index.php\/wp-json\/wp\/v2\/media\/32475"}],"wp:attachment":[{"href":"https:\/\/www.todoeldia.com\/index.php\/wp-json\/wp\/v2\/media?parent=48692"}],"wp:term":[{"taxonomy":"category","embeddable":true,"href":"https:\/\/www.todoeldia.com\/index.php\/wp-json\/wp\/v2\/categories?post=48692"},{"taxonomy":"post_tag","embeddable":true,"href":"https:\/\/www.todoeldia.com\/index.php\/wp-json\/wp\/v2\/tags?post=48692"}],"curies":[{"name":"wp","href":"https:\/\/api.w.org\/{rel}","templated":true}]}}