{"id":48696,"date":"2022-11-18T10:43:19","date_gmt":"2022-11-18T13:43:19","guid":{"rendered":"https:\/\/www.todoeldia.com\/?p=48696"},"modified":"2022-11-18T10:44:21","modified_gmt":"2022-11-18T13:44:21","slug":"mato-a-su-ex-pareja-se-quedo-con-su-auto-y-luego-operaciones-comerciales-con-su-tarjeta-de-credito","status":"publish","type":"post","link":"https:\/\/www.todoeldia.com\/index.php\/2022\/11\/18\/mato-a-su-ex-pareja-se-quedo-con-su-auto-y-luego-operaciones-comerciales-con-su-tarjeta-de-credito\/","title":{"rendered":"Mat\u00f3 a su ex pareja, se qued\u00f3 con su auto y  realiz\u00f3 operaciones comerciales con su tarjeta de cr\u00e9dito"},"content":{"rendered":"\n<p>Reunidos los elementos de convicci\u00f3n necesarios, se solicit\u00f3 que se eleve a juicio la causa contra el hombre de 28 a\u00f1os imputado por el femicidio de una mujer de 40 a\u00f1os, ocurrido en diciembre de 2021.<\/p>\n\n\n\n<p>La fiscal penal de la Unidad de Femicidios, M\u00f3nica Poma, requiri\u00f3 juicio ante el Juzgado de Garant\u00edas 3 del distrito Centro, para un hombre de 28 a\u00f1os como autor de los delitos de homicidio agravado por la relaci\u00f3n de pareja preexistente, por ensa\u00f1amiento, alevos\u00eda, odio de g\u00e9nero, criminis causa y por mediar violencia de g\u00e9nero (femicidio) en concurso real con los delitos de robo y estafas reiteradas en perjuicio de una mujer de 40 a\u00f1os.<\/p>\n\n\n\n<p>El hecho investigado ocurri\u00f3 el 22 de diciembre de 2021 en inmediaciones del dique Campo Alegre, departamento de La Caldera, donde una mujer de 40 a\u00f1os fue encontrada sin vida y con signos de violencia. Tras una exhaustiva investigaci\u00f3n que cont\u00f3 con an\u00e1lisis de muchas horas de c\u00e1maras de seguridad p\u00fablicas privadas, an\u00e1lisis de comunicaciones de la v\u00edctima y entrevistas a numerosos testigos, se logr\u00f3 identificar al acusado como el principal sospechoso.<\/p>\n\n\n\n<p>En un allanamiento realizado en el domicilio del acusado lograron secuestrar elementos que pertenec\u00edan a la v\u00edctima, el veh\u00edculo y otros de inter\u00e9s para la causa.<\/p>\n\n\n\n<p>Adem\u00e1s, se lo acusa de haber realizado operaciones comerciales realizando la suplantaci\u00f3n electr\u00f3nica de la identidad de la mujer fallecida.<\/p>\n","protected":false},"excerpt":{"rendered":"<p>Reunidos los elementos de convicci\u00f3n necesarios, se solicit\u00f3 que se eleve a juicio la causa contra el hombre de 28 a\u00f1os imputado por el femicidio de una mujer de 40 a\u00f1os, ocurrido en diciembre de 2021. La fiscal penal de la Unidad de Femicidios, M\u00f3nica Poma, requiri\u00f3 juicio ante el Juzgado de Garant\u00edas 3 del [&hellip;]<\/p>\n","protected":false},"author":2,"featured_media":45413,"comment_status":"open","ping_status":"open","sticky":false,"template":"","format":"standard","meta":{"tdm_status":"","tdm_grid_status":"","_joinchat":[],"footnotes":""},"categories":[63],"tags":[],"class_list":{"0":"post-48696","1":"post","2":"type-post","3":"status-publish","4":"format-standard","5":"has-post-thumbnail","7":"category-policiales"},"amp_enabled":true,"_links":{"self":[{"href":"https:\/\/www.todoeldia.com\/index.php\/wp-json\/wp\/v2\/posts\/48696","targetHints":{"allow":["GET"]}}],"collection":[{"href":"https:\/\/www.todoeldia.com\/index.php\/wp-json\/wp\/v2\/posts"}],"about":[{"href":"https:\/\/www.todoeldia.com\/index.php\/wp-json\/wp\/v2\/types\/post"}],"author":[{"embeddable":true,"href":"https:\/\/www.todoeldia.com\/index.php\/wp-json\/wp\/v2\/users\/2"}],"replies":[{"embeddable":true,"href":"https:\/\/www.todoeldia.com\/index.php\/wp-json\/wp\/v2\/comments?post=48696"}],"version-history":[{"count":2,"href":"https:\/\/www.todoeldia.com\/index.php\/wp-json\/wp\/v2\/posts\/48696\/revisions"}],"predecessor-version":[{"id":48698,"href":"https:\/\/www.todoeldia.com\/index.php\/wp-json\/wp\/v2\/posts\/48696\/revisions\/48698"}],"wp:featuredmedia":[{"embeddable":true,"href":"https:\/\/www.todoeldia.com\/index.php\/wp-json\/wp\/v2\/media\/45413"}],"wp:attachment":[{"href":"https:\/\/www.todoeldia.com\/index.php\/wp-json\/wp\/v2\/media?parent=48696"}],"wp:term":[{"taxonomy":"category","embeddable":true,"href":"https:\/\/www.todoeldia.com\/index.php\/wp-json\/wp\/v2\/categories?post=48696"},{"taxonomy":"post_tag","embeddable":true,"href":"https:\/\/www.todoeldia.com\/index.php\/wp-json\/wp\/v2\/tags?post=48696"}],"curies":[{"name":"wp","href":"https:\/\/api.w.org\/{rel}","templated":true}]}}