{"id":48706,"date":"2022-11-18T11:30:41","date_gmt":"2022-11-18T14:30:41","guid":{"rendered":"https:\/\/www.todoeldia.com\/?p=48706"},"modified":"2022-11-18T11:30:43","modified_gmt":"2022-11-18T14:30:43","slug":"el-29-de-noviembre-cristina-kirchner-podra-hablar-por-ultima-vez-frente-al-tribunal-antes-del-veredicto","status":"publish","type":"post","link":"https:\/\/www.todoeldia.com\/index.php\/2022\/11\/18\/el-29-de-noviembre-cristina-kirchner-podra-hablar-por-ultima-vez-frente-al-tribunal-antes-del-veredicto\/","title":{"rendered":"El 29 de noviembre Cristina Kirchner podr\u00e1 hablar por \u00faltima vez frente al tribunal antes del veredicto"},"content":{"rendered":"\n<p>Es la etapa final antes de la decisi\u00f3n de si dictan una condena en su contra o si la absuelven. Las \u00faltimas palabras de los acusados comenzar\u00e1n el pr\u00f3ximo viernes y podr\u00e1n hablar De Vido y B\u00e1ez.<\/p>\n\n\n\n<p>La vicepresidenta de la Naci\u00f3n, Cristina Kirchner, podr\u00e1 decir sus \u00faltimas palabras ante el Tribunal Oral Federal 2 que la juzga por la obra p\u00fablica en Santa Cruz antes del veredicto, que todav\u00eda no tiene fecha. As\u00ed lo dieron a conocer hoy los jueces Rodrigo Gim\u00e9nez Uriburu, Jorge Gorini y Andr\u00e9s Basso al establecer las pr\u00f3ximas audiencias del juicio.<\/p>\n\n\n\n<p>El tribunal dio por terminada hoy la etapa de prueba y estableci\u00f3 el cronograma final. El viernes 25 de noviembre a las 9:30 comenzar\u00e1n las \u00faltimas palabras. Lo har\u00e1n cinco de los 13 acusados, entre ellos el empresario L\u00e1zaro B\u00e1ez y el ex ministro de Planificaci\u00f3n Federal Julio De Vido. La siguiente audiencia ser\u00e1 el 29 cuando puedan hablar otros cuatro acusados, entre ellos Cristina Kirchner.<\/p>\n\n\n\n<p>Y quedar\u00e1 una \u00faltima audiencia con cuatro imputados que todav\u00eda no tiene fecha y que ser\u00e1 la \u00faltima en la que los jueces dar\u00e1n el veredicto. El C\u00f3digo establece que cuando hable el \u00faltimo de los imputados el tribunal ese mismo d\u00eda tiene que dar el veredicto. Los jueces utilizar\u00e1n este tiempo para elaborar el veredicto. Es un juicio con 13 imputados, mucha prueba documental y complejo, por lo que requiere tiempo, le dijeron a Infobae fuentes judiciales. Por eso la carta de la \u00faltima audiencia de las palabras finales sin fecha. As\u00ed, los jueces pueden ver en qu\u00e9 momento la fijan seg\u00fan su deliberaci\u00f3n avance.<\/p>\n\n\n\n<p>Si el cronograma es continuado la siguiente audiencia es el viernes 2 de diciembre. Y las sucesivas el lunes 5, martes 6 y viernes 9 de diciembre.<\/p>\n\n\n\n<p>La audiencia de hoy comenz\u00f3 con la palabra de Juan Villanueva, abogado de B\u00e1ez. Fue para replicar lo que el fiscal Diego Luciani hab\u00eda dicho el lunes pasado cuando rechaz\u00f3 los pedidos de nulidad que durante sus alegatos hicieron las defensas. Villanueva respondi\u00f3 y luego el juez Gim\u00e9nez Uriburu anunci\u00f3 el inicio de las \u00faltimas palabras.<\/p>\n\n\n\n<p>El orden es alfab\u00e9tico. As\u00ed los primeros ser\u00e1n B\u00e1ez; Mauricio Collareda; Ra\u00fal Daruich -ambos ex funcionarios de Vialidad de Santa Cruz-; el ex ministro de Planificaci\u00f3n Federal Julio De Vido; y el ex subsecretario de Obras P\u00fablicas Abel Fatala. La audiencia iba a ser el pr\u00f3ximo martes, pero los abogados de B\u00e1ez y de De Vido plantearon que ese d\u00eda ten\u00edan otros juicios. As\u00ed, el tribunal la fij\u00f3 para el viernes 25 a las 9:30 horas.<\/p>\n\n\n\n<p>La siguiente audiencia es el martes 29. Ser\u00e1 para las palabras finales de Cristina Kirchner; H\u00e9ctor Garro, ex presidente de Vialidad de Santa Cruz; Carlos Kirchner, ex funcionario del Ministerio de Planificaci\u00f3n y primo del ex presidente N\u00e9stor Kirchner; y Jos\u00e9 L\u00f3pez, ex secretario de Obras P\u00fablicas.<\/p>\n\n\n\n<p>El juez anunci\u00f3 que los acusados que restan -Ra\u00fal Pavesi, Jos\u00e9 Ra\u00fal Santib\u00e1\u00f1ez, Juan Carlos Villafa\u00f1e (los tres ex titulares de Vialidad de Santa Cruz y Nelson Periotti, ex director de Vialidad Nacional- tendr\u00e1n sus palabras finales en la \u00faltima audiencia que todav\u00eda no tiene fecha.<\/p>\n\n\n\n<p>Las audiencias ser\u00e1n por videoconferencia y las \u00faltimas palabras no son obligatorias para los acusados. Pueden hablar o no ante los jueces. Si Cristina Kirchner acepta hacerlo ser\u00e1 la tercera vez que lo haga en el juicio. La primera fue en diciembre de 2019 en su indagatoria y la segunda a fines de septiembre cuando lo hizo en los alegatos de su defensa.<\/p>\n","protected":false},"excerpt":{"rendered":"<p>Es la etapa final antes de la decisi\u00f3n de si dictan una condena en su contra o si la absuelven. Las \u00faltimas palabras de los acusados comenzar\u00e1n el pr\u00f3ximo viernes y podr\u00e1n hablar De Vido y B\u00e1ez. La vicepresidenta de la Naci\u00f3n, Cristina Kirchner, podr\u00e1 decir sus \u00faltimas palabras ante el Tribunal Oral Federal 2 [&hellip;]<\/p>\n","protected":false},"author":2,"featured_media":44192,"comment_status":"open","ping_status":"open","sticky":false,"template":"","format":"standard","meta":{"tdm_status":"","tdm_grid_status":"","_joinchat":[],"footnotes":""},"categories":[63],"tags":[],"class_list":{"0":"post-48706","1":"post","2":"type-post","3":"status-publish","4":"format-standard","5":"has-post-thumbnail","7":"category-policiales"},"amp_enabled":true,"_links":{"self":[{"href":"https:\/\/www.todoeldia.com\/index.php\/wp-json\/wp\/v2\/posts\/48706","targetHints":{"allow":["GET"]}}],"collection":[{"href":"https:\/\/www.todoeldia.com\/index.php\/wp-json\/wp\/v2\/posts"}],"about":[{"href":"https:\/\/www.todoeldia.com\/index.php\/wp-json\/wp\/v2\/types\/post"}],"author":[{"embeddable":true,"href":"https:\/\/www.todoeldia.com\/index.php\/wp-json\/wp\/v2\/users\/2"}],"replies":[{"embeddable":true,"href":"https:\/\/www.todoeldia.com\/index.php\/wp-json\/wp\/v2\/comments?post=48706"}],"version-history":[{"count":1,"href":"https:\/\/www.todoeldia.com\/index.php\/wp-json\/wp\/v2\/posts\/48706\/revisions"}],"predecessor-version":[{"id":48707,"href":"https:\/\/www.todoeldia.com\/index.php\/wp-json\/wp\/v2\/posts\/48706\/revisions\/48707"}],"wp:featuredmedia":[{"embeddable":true,"href":"https:\/\/www.todoeldia.com\/index.php\/wp-json\/wp\/v2\/media\/44192"}],"wp:attachment":[{"href":"https:\/\/www.todoeldia.com\/index.php\/wp-json\/wp\/v2\/media?parent=48706"}],"wp:term":[{"taxonomy":"category","embeddable":true,"href":"https:\/\/www.todoeldia.com\/index.php\/wp-json\/wp\/v2\/categories?post=48706"},{"taxonomy":"post_tag","embeddable":true,"href":"https:\/\/www.todoeldia.com\/index.php\/wp-json\/wp\/v2\/tags?post=48706"}],"curies":[{"name":"wp","href":"https:\/\/api.w.org\/{rel}","templated":true}]}}