{"id":48717,"date":"2022-11-18T12:23:51","date_gmt":"2022-11-18T15:23:51","guid":{"rendered":"https:\/\/www.todoeldia.com\/?p=48717"},"modified":"2022-11-18T12:23:54","modified_gmt":"2022-11-18T15:23:54","slug":"parece-una-carcel-asi-es-por-dentro-el-hospedaje-de-miles-de-argentinos-durante-el-mundial","status":"publish","type":"post","link":"https:\/\/www.todoeldia.com\/index.php\/2022\/11\/18\/parece-una-carcel-asi-es-por-dentro-el-hospedaje-de-miles-de-argentinos-durante-el-mundial\/","title":{"rendered":"\u201cParece una c\u00e1rcel\u201d: as\u00ed es por dentro el hospedaje de miles de argentinos durante el Mundial"},"content":{"rendered":"\n<p>Las habitaciones son para dos personas, cuestan US$84 d\u00f3lares la noche y tienen ba\u00f1o privado: solo se comparte la cocina y los espacios comunes. \u201cAc\u00e1 ya est\u00e1 hablando de cu\u00e1ndo va a ser el primer asado\u201d, dijo uno de los argentinos que reserv\u00f3 en el lugar.<\/p>\n\n\n\n<figure class=\"wp-block-image size-large\"><img loading=\"lazy\" decoding=\"async\" width=\"1024\" height=\"573\" src=\"https:\/\/www.todoeldia.com\/wp-content\/uploads\/2022\/11\/image-114-1024x573.png\" alt=\"\" class=\"wp-image-48719\" srcset=\"https:\/\/www.todoeldia.com\/wp-content\/uploads\/2022\/11\/image-114-1024x573.png 1024w, https:\/\/www.todoeldia.com\/wp-content\/uploads\/2022\/11\/image-114-300x168.png 300w, https:\/\/www.todoeldia.com\/wp-content\/uploads\/2022\/11\/image-114-768x430.png 768w, https:\/\/www.todoeldia.com\/wp-content\/uploads\/2022\/11\/image-114-696x390.png 696w, https:\/\/www.todoeldia.com\/wp-content\/uploads\/2022\/11\/image-114-1068x598.png 1068w, https:\/\/www.todoeldia.com\/wp-content\/uploads\/2022\/11\/image-114-750x420.png 750w, https:\/\/www.todoeldia.com\/wp-content\/uploads\/2022\/11\/image-114.png 1440w\" sizes=\"auto, (max-width: 1024px) 100vw, 1024px\" \/><\/figure>\n\n\n\n<p>En el complejo de viviendas m\u00e1s grande de Qatar ya existen las promesas de asados multitudinarios. All\u00ed, miles de argentinos se alojar\u00e1n en una serie de departamentos, construidos espec\u00edficamente para el Mundial 2022, en una zona alejada del centro de Doha y dentro de un \u00e1rea religiosa.<\/p>\n\n\n\n<p>\u201cAfuera parece un hospital, adentro parece una c\u00e1rcel\u201d, resumi\u00f3 a TN Pablo Clementi, uno de los primeros hinchas en instalarse en una de las unidades del Barwa, bautizado como \u201cBarwa Argento\u201d por los miles de personas (casi cuatro mil en Instagram) que organizaron las reservas muchos meses antes del comienzo del Mundial.<\/p>\n\n\n\n<figure class=\"wp-block-image size-large is-resized\"><img loading=\"lazy\" decoding=\"async\" src=\"https:\/\/www.todoeldia.com\/wp-content\/uploads\/2022\/11\/image-115-1024x573.png\" alt=\"\" class=\"wp-image-48720\" width=\"914\" height=\"511\" srcset=\"https:\/\/www.todoeldia.com\/wp-content\/uploads\/2022\/11\/image-115-1024x573.png 1024w, https:\/\/www.todoeldia.com\/wp-content\/uploads\/2022\/11\/image-115-300x168.png 300w, https:\/\/www.todoeldia.com\/wp-content\/uploads\/2022\/11\/image-115-768x430.png 768w, https:\/\/www.todoeldia.com\/wp-content\/uploads\/2022\/11\/image-115-696x390.png 696w, https:\/\/www.todoeldia.com\/wp-content\/uploads\/2022\/11\/image-115-1068x598.png 1068w, https:\/\/www.todoeldia.com\/wp-content\/uploads\/2022\/11\/image-115-750x420.png 750w, https:\/\/www.todoeldia.com\/wp-content\/uploads\/2022\/11\/image-115.png 1440w\" sizes=\"auto, (max-width: 914px) 100vw, 914px\" \/><figcaption>Pablo Clementi tiene 30 a\u00f1os, es de C\u00f3rdoba y vive en Australia<\/figcaption><\/figure>\n\n\n\n<p>Desde el exterior, la estructura de la construcci\u00f3n se asemeja a una base militar: muros grises, estructuras id\u00e9nticas y un ingreso con barrera, custodiado por varios guardias de seguridad.<\/p>\n\n\n\n<p>\u201cEs el complejo m\u00e1s econ\u00f3mico, en donde dentro de todo pod\u00e9s alquilar una habitaci\u00f3n a buen precio\u201d, destac\u00f3 Pablo, cordob\u00e9s de 30 a\u00f1os, que actualmente vive en Australia y viaj\u00f3 a Qatar exclusivamente para encontrarse con sus amigos y disfrutar el Mundial.<\/p>\n\n\n\n<p>Las unidades -llamadas clusters- fueron ofrecidas por la FIFA a todos los pa\u00edses que buscaran hospedaje para vivir en el pa\u00eds \u00e1rabe durante la competencia. Son departamentos para dos personas, con ba\u00f1o privado, en donde \u00fanicamente se comparte una cocina equipada con heladera, microondas, pava el\u00e9ctrica y plancha.<\/p>\n\n\n\n<p>\u201cLa propiedad reci\u00e9n construida se encuentra al suroeste de la ciudad de Al Wakrah. Su dise\u00f1o se inspira en las casas \u00e1rabes tradicionales construidas alrededor de patios. Las habitaciones cuentan con cuarto de ba\u00f1o privado con ducha\u201d, se lee en el sitio oficial de Qatar 2022.<\/p>\n\n\n\n<figure class=\"wp-block-image size-large\"><img loading=\"lazy\" decoding=\"async\" width=\"1024\" height=\"573\" src=\"https:\/\/www.todoeldia.com\/wp-content\/uploads\/2022\/11\/image-116-1024x573.png\" alt=\"\" class=\"wp-image-48721\" srcset=\"https:\/\/www.todoeldia.com\/wp-content\/uploads\/2022\/11\/image-116-1024x573.png 1024w, https:\/\/www.todoeldia.com\/wp-content\/uploads\/2022\/11\/image-116-300x168.png 300w, https:\/\/www.todoeldia.com\/wp-content\/uploads\/2022\/11\/image-116-768x430.png 768w, https:\/\/www.todoeldia.com\/wp-content\/uploads\/2022\/11\/image-116-696x390.png 696w, https:\/\/www.todoeldia.com\/wp-content\/uploads\/2022\/11\/image-116-1068x598.png 1068w, https:\/\/www.todoeldia.com\/wp-content\/uploads\/2022\/11\/image-116-750x420.png 750w, https:\/\/www.todoeldia.com\/wp-content\/uploads\/2022\/11\/image-116.png 1440w\" sizes=\"auto, (max-width: 1024px) 100vw, 1024px\" \/><\/figure>\n\n\n\n<p>\u201cSe puede ingresar a cualquier horario, aunque ahora est\u00e1n siendo m\u00e1s estrictos en cuanto al check in. Dentro del complejo hay restaurantes y tres supermercados. Hay una canchita de b\u00e1squet, otra de f\u00fatbol y una de beach v\u00f3ley\u201d, explic\u00f3 Clementi.<\/p>\n\n\n\n<p>El cordob\u00e9s es la voz representativa de cada argentino y argentina que se hospedar\u00e1, en su mayor\u00eda, junto a otros compatriotas. El Barwa, catalogado con letras y n\u00fameros para definir los sectores, propicia que en las mismas manzanas puedan convivir personas de la misma nacionalidad.<\/p>\n\n\n\n<p>Cu\u00e1nto cuesta hospedarse en el \u201cBarwa Argento\u201d de Qatar<\/p>\n\n\n\n<figure class=\"wp-block-image size-large\"><img loading=\"lazy\" decoding=\"async\" width=\"1024\" height=\"573\" src=\"https:\/\/www.todoeldia.com\/wp-content\/uploads\/2022\/11\/image-117-1024x573.png\" alt=\"\" class=\"wp-image-48722\" srcset=\"https:\/\/www.todoeldia.com\/wp-content\/uploads\/2022\/11\/image-117-1024x573.png 1024w, https:\/\/www.todoeldia.com\/wp-content\/uploads\/2022\/11\/image-117-300x168.png 300w, https:\/\/www.todoeldia.com\/wp-content\/uploads\/2022\/11\/image-117-768x430.png 768w, https:\/\/www.todoeldia.com\/wp-content\/uploads\/2022\/11\/image-117-696x390.png 696w, https:\/\/www.todoeldia.com\/wp-content\/uploads\/2022\/11\/image-117-1068x598.png 1068w, https:\/\/www.todoeldia.com\/wp-content\/uploads\/2022\/11\/image-117-750x420.png 750w, https:\/\/www.todoeldia.com\/wp-content\/uploads\/2022\/11\/image-117.png 1440w\" sizes=\"auto, (max-width: 1024px) 100vw, 1024px\" \/><\/figure>\n\n\n\n<p>\u201cLa habitaci\u00f3n sale US$84 d\u00f3lares la noche, es decir US$42 por persona. Yo en este momento estoy solo, esperando a un amigo, aunque por estos d\u00edas aloj\u00e9 a un muchacho que estaba ac\u00e1\u201d, indic\u00f3 Clementi.<\/p>\n\n\n\n<p>Los clusters est\u00e1n conformados por 12 departamentos iguales distribuidos en tres pisos. \u201cPara movernos tenemos los colectivos que entran y salen constantemente\u201d, destac\u00f3 Pablo. El transporte, gratuito para los hu\u00e9spedes del Barwa, ofrece dos trayectos: uno al aeropuerto y otro hasta la l\u00ednea roja de subte.<\/p>\n\n\n\n<p>\u201cCada uno sus dos camas con su ba\u00f1o, una ducha y un termo tanque. La cocina compartida cada dos departamentos en la que tenemos una heladera, un microondas, una pava el\u00e9ctrica y una tabla de planchar con la plancha\u201d, agreg\u00f3 Pablo.<\/p>\n\n\n\n<figure class=\"wp-block-image size-large\"><img loading=\"lazy\" decoding=\"async\" width=\"1024\" height=\"573\" src=\"https:\/\/www.todoeldia.com\/wp-content\/uploads\/2022\/11\/image-118-1024x573.png\" alt=\"\" class=\"wp-image-48723\" srcset=\"https:\/\/www.todoeldia.com\/wp-content\/uploads\/2022\/11\/image-118-1024x573.png 1024w, https:\/\/www.todoeldia.com\/wp-content\/uploads\/2022\/11\/image-118-300x168.png 300w, https:\/\/www.todoeldia.com\/wp-content\/uploads\/2022\/11\/image-118-768x430.png 768w, https:\/\/www.todoeldia.com\/wp-content\/uploads\/2022\/11\/image-118-696x390.png 696w, https:\/\/www.todoeldia.com\/wp-content\/uploads\/2022\/11\/image-118-1068x598.png 1068w, https:\/\/www.todoeldia.com\/wp-content\/uploads\/2022\/11\/image-118-750x420.png 750w, https:\/\/www.todoeldia.com\/wp-content\/uploads\/2022\/11\/image-118.png 1440w\" sizes=\"auto, (max-width: 1024px) 100vw, 1024px\" \/><\/figure>\n\n\n\n<p>Dentro del precio est\u00e1 incluido el wifi, una recepci\u00f3n permanente y la limpieza de habitaciones garantizada cada 72 horas.<\/p>\n\n\n\n<p>En las habitaciones, finalizadas hace pocas semanas, a\u00fan percibe el olor de la pintura fresca. \u201cTen\u00e9s que tener cuidado porque si te apoyas te queda la ropa blanca\u201d, marc\u00f3 el cordob\u00e9s.<\/p>\n\n\n\n<p>\u201cEn los supermercados encontr\u00e1s muchas cosas, no hay de todo, pero s\u00ed muchos productos. Por ejemplo, jam\u00f3n no hay, solamente queso. Ac\u00e1 no comen cerdo por la religi\u00f3n. Sin embargo, en otro supermercado grande del centro s\u00ed se consigue\u201d, destac\u00f3 Pablo.<\/p>\n\n\n\n<p>\u201cEsto va a ser un caos cuando se llene, pero tambi\u00e9n una fiesta. Vamos a hacer muchos asados y a disfrutar estar ac\u00e1, entre amigos, viviendo el Mundial\u201d, complet\u00f3.<\/p>\n","protected":false},"excerpt":{"rendered":"<p>Las habitaciones son para dos personas, cuestan US$84 d\u00f3lares la noche y tienen ba\u00f1o privado: solo se comparte la cocina y los espacios comunes. \u201cAc\u00e1 ya est\u00e1 hablando de cu\u00e1ndo va a ser el primer asado\u201d, dijo uno de los argentinos que reserv\u00f3 en el lugar. En el complejo de viviendas m\u00e1s grande de Qatar [&hellip;]<\/p>\n","protected":false},"author":2,"featured_media":48718,"comment_status":"open","ping_status":"open","sticky":false,"template":"","format":"standard","meta":{"tdm_status":"","tdm_grid_status":"","_joinchat":[],"footnotes":""},"categories":[62],"tags":[],"class_list":{"0":"post-48717","1":"post","2":"type-post","3":"status-publish","4":"format-standard","5":"has-post-thumbnail","7":"category-deportes"},"amp_enabled":true,"_links":{"self":[{"href":"https:\/\/www.todoeldia.com\/index.php\/wp-json\/wp\/v2\/posts\/48717","targetHints":{"allow":["GET"]}}],"collection":[{"href":"https:\/\/www.todoeldia.com\/index.php\/wp-json\/wp\/v2\/posts"}],"about":[{"href":"https:\/\/www.todoeldia.com\/index.php\/wp-json\/wp\/v2\/types\/post"}],"author":[{"embeddable":true,"href":"https:\/\/www.todoeldia.com\/index.php\/wp-json\/wp\/v2\/users\/2"}],"replies":[{"embeddable":true,"href":"https:\/\/www.todoeldia.com\/index.php\/wp-json\/wp\/v2\/comments?post=48717"}],"version-history":[{"count":1,"href":"https:\/\/www.todoeldia.com\/index.php\/wp-json\/wp\/v2\/posts\/48717\/revisions"}],"predecessor-version":[{"id":48724,"href":"https:\/\/www.todoeldia.com\/index.php\/wp-json\/wp\/v2\/posts\/48717\/revisions\/48724"}],"wp:featuredmedia":[{"embeddable":true,"href":"https:\/\/www.todoeldia.com\/index.php\/wp-json\/wp\/v2\/media\/48718"}],"wp:attachment":[{"href":"https:\/\/www.todoeldia.com\/index.php\/wp-json\/wp\/v2\/media?parent=48717"}],"wp:term":[{"taxonomy":"category","embeddable":true,"href":"https:\/\/www.todoeldia.com\/index.php\/wp-json\/wp\/v2\/categories?post=48717"},{"taxonomy":"post_tag","embeddable":true,"href":"https:\/\/www.todoeldia.com\/index.php\/wp-json\/wp\/v2\/tags?post=48717"}],"curies":[{"name":"wp","href":"https:\/\/api.w.org\/{rel}","templated":true}]}}