{"id":48744,"date":"2022-11-18T12:57:54","date_gmt":"2022-11-18T15:57:54","guid":{"rendered":"https:\/\/www.todoeldia.com\/?p=48744"},"modified":"2022-11-18T12:57:57","modified_gmt":"2022-11-18T15:57:57","slug":"el-menor-acusado-de-golpear-al-playero-arturo-lopez-fue-encontrado-culpable-por-lesiones-gravisimas","status":"publish","type":"post","link":"https:\/\/www.todoeldia.com\/index.php\/2022\/11\/18\/el-menor-acusado-de-golpear-al-playero-arturo-lopez-fue-encontrado-culpable-por-lesiones-gravisimas\/","title":{"rendered":"El menor acusado de golpear al playero Arturo L\u00f3pez fue encontrado culpable por \u201clesiones grav\u00edsimas\u201d"},"content":{"rendered":"\n<p>Lo decidi\u00f3 hace minutos el juez Alejandro Villanueva. Continuar\u00e1 en prisi\u00f3n domiciliaria hasta que se decida el monto de la pena. El menor hab\u00eda pasado 154 d\u00edas pr\u00f3fugo.<\/p>\n\n\n\n<p>La brutal y cobarde agresi\u00f3n contra el playero Arturo L\u00f3pez, que ocurri\u00f3 en noviembre de 2021, comienza a encontrar una resoluci\u00f3n en la Justicia. Esta ma\u00f1ana, el juez Alejandro Villanueva decidi\u00f3 que el joven que lo golpe\u00f3, que en ese momento era menor de edad, es \u201cresponsable\u201d del hecho que se calific\u00f3 como \u201clesiones grav\u00edsimas\u201d. El fallo fue le\u00eddo minutos despu\u00e9s de las 11 en una sala colmada de amigos y familiares de la v\u00edctima, que a\u00fan se recupera neurol\u00f3gicamente de las lesiones que sufri\u00f3 aquel d\u00eda. Todav\u00eda no se conocer\u00e1 a cu\u00e1ntos a\u00f1os de prisi\u00f3n ser\u00e1 condenado el agresor. Reci\u00e9n cuando el fallo de hoy quede firme, se evaluar\u00e1 cu\u00e1l ser\u00e1 la pena correspondiente. Mientras tanto, el ahora condenado permanecer\u00e1 en prisi\u00f3n domiciliaria como hasta ahora. Infobae accedi\u00f3 a los fundamentos del fallo.<\/p>\n\n\n\n<figure class=\"wp-block-image size-full is-resized\"><img loading=\"lazy\" decoding=\"async\" src=\"https:\/\/www.todoeldia.com\/wp-content\/uploads\/2022\/04\/playero-golpeado.jpg\" alt=\"\" class=\"wp-image-38124\" width=\"1065\" height=\"602\"\/><\/figure>\n\n\n\n<p>El hecho sucedi\u00f3 el viernes 19 de noviembre del 2021, cerca de las 17, en el garaje de la calle Moreno al 800, cuando L\u00f3pez fue increpado por un adolescente que, seg\u00fan testigos, le reclamaba por un ray\u00f3n que ten\u00eda su veh\u00edculo.<\/p>\n\n\n\n<p>Las c\u00e1maras de seguridad muestran c\u00f3mo el agresor, acompa\u00f1ado por otros dos j\u00f3venes y su madre, camin\u00f3 hacia la cabina de cobro y, de un momento a otro, golpe\u00f3 a Arturo de forma sorpresiva. L\u00f3pez recibi\u00f3 el impacto en el lado izquierdo de la cara, lo que provoc\u00f3 que cayera inconsciente e impactara fuertemente contra el suelo.<\/p>\n\n\n\n<figure class=\"wp-block-image size-large\"><img loading=\"lazy\" decoding=\"async\" width=\"1024\" height=\"768\" src=\"https:\/\/www.todoeldia.com\/wp-content\/uploads\/2021\/11\/playero-grave-1024x768.jpg\" alt=\"\" class=\"wp-image-30892\" srcset=\"https:\/\/www.todoeldia.com\/wp-content\/uploads\/2021\/11\/playero-grave-1024x768.jpg 1024w, https:\/\/www.todoeldia.com\/wp-content\/uploads\/2021\/11\/playero-grave-300x225.jpg 300w, https:\/\/www.todoeldia.com\/wp-content\/uploads\/2021\/11\/playero-grave-768x576.jpg 768w, https:\/\/www.todoeldia.com\/wp-content\/uploads\/2021\/11\/playero-grave-696x522.jpg 696w, https:\/\/www.todoeldia.com\/wp-content\/uploads\/2021\/11\/playero-grave-1068x801.jpg 1068w, https:\/\/www.todoeldia.com\/wp-content\/uploads\/2021\/11\/playero-grave-560x420.jpg 560w, https:\/\/www.todoeldia.com\/wp-content\/uploads\/2021\/11\/playero-grave-80x60.jpg 80w, https:\/\/www.todoeldia.com\/wp-content\/uploads\/2021\/11\/playero-grave-265x198.jpg 265w, https:\/\/www.todoeldia.com\/wp-content\/uploads\/2021\/11\/playero-grave.jpg 1200w\" sizes=\"auto, (max-width: 1024px) 100vw, 1024px\" \/><\/figure>\n\n\n\n<p>En los primeros d\u00edas luego del hecho, nadie en la Justicia se preocup\u00f3 por lo sucedido. Reci\u00e9n cuando el video se difundi\u00f3 en los medios, siete d\u00edas m\u00e1s tarde, la justicia comenz\u00f3 a investigar. Hasta ese momento, el atacante ni siquiera estaba identificado. Los investigadores tardaron 8 d\u00edas hasta que descubrieron que el atacante se llamaba Carlos Manuel A. y que ten\u00eda 17 a\u00f1os.<\/p>\n\n\n\n<p>Para cuando la polic\u00eda fue a buscarlo, ya era tarde. El menor escap\u00f3 ayudado por su familia. Hasta el d\u00eda de hoy, su padre y su madre siguen justificando el hecho y le endilgan a la v\u00edctima una actitud agresiva que, durante el juicio, no fue refrendada por testigos ni se observa en c\u00e1maras de seguridad.<\/p>\n\n\n\n<p>Carlos pas\u00f3 154 d\u00edas pr\u00f3fugo. Fue ocultado de la Justicia durante varios meses en el interior del pa\u00eds. Cuando faltaba solo una semana para que cumpla los 18 a\u00f1os, fue entregado a las autoridades. A pesar de la oposici\u00f3n de la fiscal\u00eda y de la querella, que es llevada adelante por la esposa de Arturo, a principios de junio el agresor fue beneficiado con prisi\u00f3n domiciliaria.<\/p>\n\n\n\n<p>De esta manera se lleg\u00f3 al juicio que comenz\u00f3 el 9 de noviembre y hoy encontr\u00f3 su primera resoluci\u00f3n.<\/p>\n","protected":false},"excerpt":{"rendered":"<p>Lo decidi\u00f3 hace minutos el juez Alejandro Villanueva. Continuar\u00e1 en prisi\u00f3n domiciliaria hasta que se decida el monto de la pena. El menor hab\u00eda pasado 154 d\u00edas pr\u00f3fugo. La brutal y cobarde agresi\u00f3n contra el playero Arturo L\u00f3pez, que ocurri\u00f3 en noviembre de 2021, comienza a encontrar una resoluci\u00f3n en la Justicia. Esta ma\u00f1ana, el [&hellip;]<\/p>\n","protected":false},"author":2,"featured_media":48745,"comment_status":"open","ping_status":"open","sticky":false,"template":"","format":"standard","meta":{"tdm_status":"","tdm_grid_status":"","_joinchat":[],"footnotes":""},"categories":[63],"tags":[],"class_list":{"0":"post-48744","1":"post","2":"type-post","3":"status-publish","4":"format-standard","5":"has-post-thumbnail","7":"category-policiales"},"amp_enabled":true,"_links":{"self":[{"href":"https:\/\/www.todoeldia.com\/index.php\/wp-json\/wp\/v2\/posts\/48744","targetHints":{"allow":["GET"]}}],"collection":[{"href":"https:\/\/www.todoeldia.com\/index.php\/wp-json\/wp\/v2\/posts"}],"about":[{"href":"https:\/\/www.todoeldia.com\/index.php\/wp-json\/wp\/v2\/types\/post"}],"author":[{"embeddable":true,"href":"https:\/\/www.todoeldia.com\/index.php\/wp-json\/wp\/v2\/users\/2"}],"replies":[{"embeddable":true,"href":"https:\/\/www.todoeldia.com\/index.php\/wp-json\/wp\/v2\/comments?post=48744"}],"version-history":[{"count":1,"href":"https:\/\/www.todoeldia.com\/index.php\/wp-json\/wp\/v2\/posts\/48744\/revisions"}],"predecessor-version":[{"id":48746,"href":"https:\/\/www.todoeldia.com\/index.php\/wp-json\/wp\/v2\/posts\/48744\/revisions\/48746"}],"wp:featuredmedia":[{"embeddable":true,"href":"https:\/\/www.todoeldia.com\/index.php\/wp-json\/wp\/v2\/media\/48745"}],"wp:attachment":[{"href":"https:\/\/www.todoeldia.com\/index.php\/wp-json\/wp\/v2\/media?parent=48744"}],"wp:term":[{"taxonomy":"category","embeddable":true,"href":"https:\/\/www.todoeldia.com\/index.php\/wp-json\/wp\/v2\/categories?post=48744"},{"taxonomy":"post_tag","embeddable":true,"href":"https:\/\/www.todoeldia.com\/index.php\/wp-json\/wp\/v2\/tags?post=48744"}],"curies":[{"name":"wp","href":"https:\/\/api.w.org\/{rel}","templated":true}]}}