{"id":48751,"date":"2022-11-18T14:11:48","date_gmt":"2022-11-18T17:11:48","guid":{"rendered":"https:\/\/www.todoeldia.com\/?p=48751"},"modified":"2022-11-18T14:11:50","modified_gmt":"2022-11-18T17:11:50","slug":"eran-menores-de-edad-al-momento-del-asesinato-y-ahora-les-impusieron-seis-anos-de-prision","status":"publish","type":"post","link":"https:\/\/www.todoeldia.com\/index.php\/2022\/11\/18\/eran-menores-de-edad-al-momento-del-asesinato-y-ahora-les-impusieron-seis-anos-de-prision\/","title":{"rendered":"Eran menores de edad al momento del asesinato y ahora les impusieron seis a\u00f1os de prisi\u00f3n"},"content":{"rendered":"\n<p>El vocal de la Sala II del Tribunal de Juicio y juez de Menores 1 de Or\u00e1n, Ra\u00fal Fernando L\u00f3pez, les impuso la pena de seis de prisi\u00f3n efectiva a Juan Ignacio Ju\u00e1rez y a Antonio Alejandro Florent\u00edn, ambos de 26 a\u00f1os de edad, m\u00e1s la inhabilitaci\u00f3n absoluta por el tiempo de la condena.<\/p>\n\n\n\n<p>Ju\u00e1rez y Florent\u00edn ten\u00edan 16 a\u00f1os al momento del hecho. Ambos fueron declarados participes necesarios del delito de homicidio agravado por el uso de arma en perjuicio de Daniel Ezequiel \u00c1lvarez (27), hecho ocurrido el 24 de junio de 2013 sobre la calle Saavedra en las proximidades del Cementerio Municipal de San Ram\u00f3n de la Nueva Or\u00e1n.<\/p>\n\n\n\n<p>Por el hecho fue condenado un mayor de edad a la pena de 17 a\u00f1os de prisi\u00f3n, en febrero de 2016.<\/p>\n\n\n\n<p>En su fallo, el juez L\u00f3pez orden\u00f3 la inmediata detenci\u00f3n de los dos condenados quedando alojados en la Unidad Carcelaria 3 de Or\u00e1n a disposici\u00f3n del Tribunal, y la inscripci\u00f3n de los penados en el Banco de Datos Gen\u00e9ticos.<\/p>\n","protected":false},"excerpt":{"rendered":"<p>El vocal de la Sala II del Tribunal de Juicio y juez de Menores 1 de Or\u00e1n, Ra\u00fal Fernando L\u00f3pez, les impuso la pena de seis de prisi\u00f3n efectiva a Juan Ignacio Ju\u00e1rez y a Antonio Alejandro Florent\u00edn, ambos de 26 a\u00f1os de edad, m\u00e1s la inhabilitaci\u00f3n absoluta por el tiempo de la condena. Ju\u00e1rez [&hellip;]<\/p>\n","protected":false},"author":2,"featured_media":32963,"comment_status":"open","ping_status":"open","sticky":false,"template":"","format":"standard","meta":{"tdm_status":"","tdm_grid_status":"","_joinchat":[],"footnotes":""},"categories":[63],"tags":[],"class_list":{"0":"post-48751","1":"post","2":"type-post","3":"status-publish","4":"format-standard","5":"has-post-thumbnail","7":"category-policiales"},"amp_enabled":true,"_links":{"self":[{"href":"https:\/\/www.todoeldia.com\/index.php\/wp-json\/wp\/v2\/posts\/48751","targetHints":{"allow":["GET"]}}],"collection":[{"href":"https:\/\/www.todoeldia.com\/index.php\/wp-json\/wp\/v2\/posts"}],"about":[{"href":"https:\/\/www.todoeldia.com\/index.php\/wp-json\/wp\/v2\/types\/post"}],"author":[{"embeddable":true,"href":"https:\/\/www.todoeldia.com\/index.php\/wp-json\/wp\/v2\/users\/2"}],"replies":[{"embeddable":true,"href":"https:\/\/www.todoeldia.com\/index.php\/wp-json\/wp\/v2\/comments?post=48751"}],"version-history":[{"count":1,"href":"https:\/\/www.todoeldia.com\/index.php\/wp-json\/wp\/v2\/posts\/48751\/revisions"}],"predecessor-version":[{"id":48752,"href":"https:\/\/www.todoeldia.com\/index.php\/wp-json\/wp\/v2\/posts\/48751\/revisions\/48752"}],"wp:featuredmedia":[{"embeddable":true,"href":"https:\/\/www.todoeldia.com\/index.php\/wp-json\/wp\/v2\/media\/32963"}],"wp:attachment":[{"href":"https:\/\/www.todoeldia.com\/index.php\/wp-json\/wp\/v2\/media?parent=48751"}],"wp:term":[{"taxonomy":"category","embeddable":true,"href":"https:\/\/www.todoeldia.com\/index.php\/wp-json\/wp\/v2\/categories?post=48751"},{"taxonomy":"post_tag","embeddable":true,"href":"https:\/\/www.todoeldia.com\/index.php\/wp-json\/wp\/v2\/tags?post=48751"}],"curies":[{"name":"wp","href":"https:\/\/api.w.org\/{rel}","templated":true}]}}