{"id":48753,"date":"2022-11-18T14:23:48","date_gmt":"2022-11-18T17:23:48","guid":{"rendered":"https:\/\/www.todoeldia.com\/?p=48753"},"modified":"2022-11-18T14:23:52","modified_gmt":"2022-11-18T17:23:52","slug":"era-mi-sueno-tras-las-criticas-el-hijo-de-massa-renuncio-a-cubrir-el-mundial-y-vuelve-a-la-argentina","status":"publish","type":"post","link":"https:\/\/www.todoeldia.com\/index.php\/2022\/11\/18\/era-mi-sueno-tras-las-criticas-el-hijo-de-massa-renuncio-a-cubrir-el-mundial-y-vuelve-a-la-argentina\/","title":{"rendered":"\u201cEra mi sue\u00f1o\u201d: tras las cr\u00edticas, el hijo de Massa renunci\u00f3 a cubrir el Mundial y vuelve a la Argentina"},"content":{"rendered":"\n<p>Tom\u00e1s Massa cont\u00f3 que rescindi\u00f3 el contrato con Mundo Selecci\u00f3n, la productora de contenidos que lo hab\u00eda llevado al torneo. \u201cNo puedo emocionalmente seguir adelante\u201d, escribi\u00f3.<\/p>\n\n\n\n<p>Tom\u00e1s Massa, el hijo del ministro de Econom\u00eda Sergio Massa, cont\u00f3 que renunci\u00f3 a su trabajo como productor de contenidos de Mundo Selecci\u00f3n y se volver\u00e1 del Mundial de Qatar.<\/p>\n\n\n\n<p>El caso hab\u00eda desatado una fuerte pol\u00e9mica despu\u00e9s de que el joven subiera videos desde Doha y recibiera una lluvia de cr\u00edticas en las redes sociales.<\/p>\n","protected":false},"excerpt":{"rendered":"<p>Tom\u00e1s Massa cont\u00f3 que rescindi\u00f3 el contrato con Mundo Selecci\u00f3n, la productora de contenidos que lo hab\u00eda llevado al torneo. \u201cNo puedo emocionalmente seguir adelante\u201d, escribi\u00f3. Tom\u00e1s Massa, el hijo del ministro de Econom\u00eda Sergio Massa, cont\u00f3 que renunci\u00f3 a su trabajo como productor de contenidos de Mundo Selecci\u00f3n y se volver\u00e1 del Mundial de [&hellip;]<\/p>\n","protected":false},"author":2,"featured_media":48754,"comment_status":"open","ping_status":"open","sticky":false,"template":"","format":"standard","meta":{"tdm_status":"","tdm_grid_status":"","_joinchat":[],"footnotes":""},"categories":[59],"tags":[],"class_list":{"0":"post-48753","1":"post","2":"type-post","3":"status-publish","4":"format-standard","5":"has-post-thumbnail","7":"category-politica"},"amp_enabled":true,"_links":{"self":[{"href":"https:\/\/www.todoeldia.com\/index.php\/wp-json\/wp\/v2\/posts\/48753","targetHints":{"allow":["GET"]}}],"collection":[{"href":"https:\/\/www.todoeldia.com\/index.php\/wp-json\/wp\/v2\/posts"}],"about":[{"href":"https:\/\/www.todoeldia.com\/index.php\/wp-json\/wp\/v2\/types\/post"}],"author":[{"embeddable":true,"href":"https:\/\/www.todoeldia.com\/index.php\/wp-json\/wp\/v2\/users\/2"}],"replies":[{"embeddable":true,"href":"https:\/\/www.todoeldia.com\/index.php\/wp-json\/wp\/v2\/comments?post=48753"}],"version-history":[{"count":1,"href":"https:\/\/www.todoeldia.com\/index.php\/wp-json\/wp\/v2\/posts\/48753\/revisions"}],"predecessor-version":[{"id":48755,"href":"https:\/\/www.todoeldia.com\/index.php\/wp-json\/wp\/v2\/posts\/48753\/revisions\/48755"}],"wp:featuredmedia":[{"embeddable":true,"href":"https:\/\/www.todoeldia.com\/index.php\/wp-json\/wp\/v2\/media\/48754"}],"wp:attachment":[{"href":"https:\/\/www.todoeldia.com\/index.php\/wp-json\/wp\/v2\/media?parent=48753"}],"wp:term":[{"taxonomy":"category","embeddable":true,"href":"https:\/\/www.todoeldia.com\/index.php\/wp-json\/wp\/v2\/categories?post=48753"},{"taxonomy":"post_tag","embeddable":true,"href":"https:\/\/www.todoeldia.com\/index.php\/wp-json\/wp\/v2\/tags?post=48753"}],"curies":[{"name":"wp","href":"https:\/\/api.w.org\/{rel}","templated":true}]}}