{"id":48756,"date":"2022-11-18T14:29:00","date_gmt":"2022-11-18T17:29:00","guid":{"rendered":"https:\/\/www.todoeldia.com\/?p=48756"},"modified":"2022-11-18T14:29:26","modified_gmt":"2022-11-18T17:29:26","slug":"un-delincuente-murio-y-su-complice-resulto-herido-luego-de-una-persecucion-y-tiroteo-en-quilmes","status":"publish","type":"post","link":"https:\/\/www.todoeldia.com\/index.php\/2022\/11\/18\/un-delincuente-murio-y-su-complice-resulto-herido-luego-de-una-persecucion-y-tiroteo-en-quilmes\/","title":{"rendered":"Un delincuente muri\u00f3 y su c\u00f3mplice result\u00f3 herido luego de una persecuci\u00f3n y tiroteo en Quilmes"},"content":{"rendered":"\n<p>El hecho ocurri\u00f3 este jueves a las 22, cuando efectivos policiales observaron salir de un asentamiento, ubicado en el cruce de la avenida Calchaqu\u00ed y la calle Bermejo, en Bernal, un veh\u00edculo Audi TT de color azul.<\/p>\n\n\n\n<p>En ese momento, comenzaron a seguirlo y les pidieron a los asaltantes que se detengan. Sin embargo, las personas que iban en el auto no lo hicieron e intentaron escapar. All\u00ed se inici\u00f3 una persecuci\u00f3n de casi cuatro kil\u00f3metros que termin\u00f3 cuando dos patrulleros lograron encerrar a los delincuentes entre la Avenida Calchaqu\u00ed y la calle 12 de octubre.<\/p>\n\n\n\n<figure class=\"wp-block-image size-large\"><img loading=\"lazy\" decoding=\"async\" width=\"1024\" height=\"575\" src=\"https:\/\/www.todoeldia.com\/wp-content\/uploads\/2022\/11\/image-121-1024x575.png\" alt=\"\" class=\"wp-image-48759\" srcset=\"https:\/\/www.todoeldia.com\/wp-content\/uploads\/2022\/11\/image-121-1024x575.png 1024w, https:\/\/www.todoeldia.com\/wp-content\/uploads\/2022\/11\/image-121-300x168.png 300w, https:\/\/www.todoeldia.com\/wp-content\/uploads\/2022\/11\/image-121-768x431.png 768w, https:\/\/www.todoeldia.com\/wp-content\/uploads\/2022\/11\/image-121-696x391.png 696w, https:\/\/www.todoeldia.com\/wp-content\/uploads\/2022\/11\/image-121-1068x599.png 1068w, https:\/\/www.todoeldia.com\/wp-content\/uploads\/2022\/11\/image-121-748x420.png 748w, https:\/\/www.todoeldia.com\/wp-content\/uploads\/2022\/11\/image-121.png 1365w\" sizes=\"auto, (max-width: 1024px) 100vw, 1024px\" \/><\/figure>\n\n\n\n<p>En ese momento, el ladr\u00f3n que iba como acompa\u00f1ante en el veh\u00edculo se baj\u00f3 y comenz\u00f3 a disparar contra la Polic\u00eda.<\/p>\n\n\n\n<p>Como consecuencia del tiroteo, los atacantes resultaron heridos y debieron ser trasladados al Hospital Iriarte de Quilmes. El conductor del auto, identificado como Sergio Insaurralde, muri\u00f3 a causa de las heridas mientras que su acompa\u00f1ante, Brian B\u00e1ez, est\u00e1 internado en grave estado y bajo custodia policial.<\/p>\n\n\n\n<p>Fuentes judiciales le informaron a T\u00e9lam que se incautaron un total de 36 vainas servidas y se secuestr\u00f3 una pistola Bersa calibre 40 que pertenec\u00eda a los acusados. Adem\u00e1s, hallaron en el interior del veh\u00edculo $180.000, un billete de 100 euros, 20 reales, una barreta y dos celulares.<\/p>\n\n\n\n<p>Las autoridades policiales tambi\u00e9n intentan determinar si el Audi TT ten\u00eda pedido de secuestro en la provincia de Buenos Aires. Sospechan que los dos hombres ven\u00edan de cometer un robo en la zona, sin embargo, hasta el momento no hay ninguna denuncia realizada.<\/p>\n\n\n\n<p>Por su parte, la investigaci\u00f3n qued\u00f3 a cargo del fiscal Jorge Saizar, que se encuentra subrogando la Unidad Funcional de Instrucci\u00f3n (UFI) 1 de Quilmes y que caratul\u00f3 la causa como \u201cportaci\u00f3n ilegal de arma de fuego, abuso de armas calificado, homicidio y lesiones\u201d.<\/p>\n\n\n\n<p>El funcionario judicial orden\u00f3 que se secuestren las armas de los polic\u00edas involucrados en el tiroteo para ser peritadas. Al estar involucrados polic\u00edas en el hecho, el fiscal dispuso que los peritajes y las actuaciones est\u00e9n a cargo de la Prefectura Naval Argentina.<\/p>\n","protected":false},"excerpt":{"rendered":"<p>El hecho ocurri\u00f3 este jueves a las 22, cuando efectivos policiales observaron salir de un asentamiento, ubicado en el cruce de la avenida Calchaqu\u00ed y la calle Bermejo, en Bernal, un veh\u00edculo Audi TT de color azul. En ese momento, comenzaron a seguirlo y les pidieron a los asaltantes que se detengan. Sin embargo, las [&hellip;]<\/p>\n","protected":false},"author":2,"featured_media":48757,"comment_status":"open","ping_status":"open","sticky":false,"template":"","format":"standard","meta":{"tdm_status":"","tdm_grid_status":"","_joinchat":[],"footnotes":""},"categories":[63],"tags":[],"class_list":{"0":"post-48756","1":"post","2":"type-post","3":"status-publish","4":"format-standard","5":"has-post-thumbnail","7":"category-policiales"},"amp_enabled":true,"_links":{"self":[{"href":"https:\/\/www.todoeldia.com\/index.php\/wp-json\/wp\/v2\/posts\/48756","targetHints":{"allow":["GET"]}}],"collection":[{"href":"https:\/\/www.todoeldia.com\/index.php\/wp-json\/wp\/v2\/posts"}],"about":[{"href":"https:\/\/www.todoeldia.com\/index.php\/wp-json\/wp\/v2\/types\/post"}],"author":[{"embeddable":true,"href":"https:\/\/www.todoeldia.com\/index.php\/wp-json\/wp\/v2\/users\/2"}],"replies":[{"embeddable":true,"href":"https:\/\/www.todoeldia.com\/index.php\/wp-json\/wp\/v2\/comments?post=48756"}],"version-history":[{"count":2,"href":"https:\/\/www.todoeldia.com\/index.php\/wp-json\/wp\/v2\/posts\/48756\/revisions"}],"predecessor-version":[{"id":48761,"href":"https:\/\/www.todoeldia.com\/index.php\/wp-json\/wp\/v2\/posts\/48756\/revisions\/48761"}],"wp:featuredmedia":[{"embeddable":true,"href":"https:\/\/www.todoeldia.com\/index.php\/wp-json\/wp\/v2\/media\/48757"}],"wp:attachment":[{"href":"https:\/\/www.todoeldia.com\/index.php\/wp-json\/wp\/v2\/media?parent=48756"}],"wp:term":[{"taxonomy":"category","embeddable":true,"href":"https:\/\/www.todoeldia.com\/index.php\/wp-json\/wp\/v2\/categories?post=48756"},{"taxonomy":"post_tag","embeddable":true,"href":"https:\/\/www.todoeldia.com\/index.php\/wp-json\/wp\/v2\/tags?post=48756"}],"curies":[{"name":"wp","href":"https:\/\/api.w.org\/{rel}","templated":true}]}}