{"id":48767,"date":"2022-11-18T15:24:28","date_gmt":"2022-11-18T18:24:28","guid":{"rendered":"https:\/\/www.todoeldia.com\/?p=48767"},"modified":"2022-11-18T15:37:47","modified_gmt":"2022-11-18T18:37:47","slug":"encontraron-un-cuerpo-en-moreno-e-investigan-si-se-trata-de-susana-caceres-la-mujer-desaparecida-hace-10-dias","status":"publish","type":"post","link":"https:\/\/www.todoeldia.com\/index.php\/2022\/11\/18\/encontraron-un-cuerpo-en-moreno-e-investigan-si-se-trata-de-susana-caceres-la-mujer-desaparecida-hace-10-dias\/","title":{"rendered":"El cuerpo hallado en Moreno es de Susana C\u00e1ceres, la mujer desaparecida hace 10 d\u00edas"},"content":{"rendered":"\n<p>As\u00ed lo confirmaron a Infobae investigadores que intervienen en la causa. La mujer hab\u00eda sido vista por \u00faltima vez hace m\u00e1s de una semana.<\/p>\n\n\n\n<p>De acuerdo a los investigadores del caso, el hallazgo ocurri\u00f3 a pocos metros del camino del Buen Ayre y a la vera del r\u00edo Reconquista en Moreno.<\/p>\n\n\n\n<p>\u201cEl cuerpo fue encontrado en el marco de los rastrillajes, en el l\u00edmite entre Moreno e Ituzaing\u00f3, a la vera de la colectora entre los pastizales, m\u00e1s del lado de Ituzaing\u00f3. Es el cuerpo de una mujer, pero estamos a la espera los peritos para poder hacer el trabajo de reconocimiento con la familia\u201d, sostuvieron las fuentes consultadas, que adem\u00e1s aclararon que se proceder\u00e1 a continuar la investigaci\u00f3n para saber si se trata de Susana C\u00e1ceres.<\/p>\n\n\n\n<figure class=\"wp-block-image size-full is-resized\"><img loading=\"lazy\" decoding=\"async\" src=\"https:\/\/www.todoeldia.com\/wp-content\/uploads\/2022\/11\/image-122.png\" alt=\"\" class=\"wp-image-48769\" width=\"768\" height=\"432\" srcset=\"https:\/\/www.todoeldia.com\/wp-content\/uploads\/2022\/11\/image-122.png 768w, https:\/\/www.todoeldia.com\/wp-content\/uploads\/2022\/11\/image-122-300x169.png 300w, https:\/\/www.todoeldia.com\/wp-content\/uploads\/2022\/11\/image-122-696x392.png 696w, https:\/\/www.todoeldia.com\/wp-content\/uploads\/2022\/11\/image-122-747x420.png 747w\" sizes=\"auto, (max-width: 768px) 100vw, 768px\" \/><figcaption>Los canes en la b\u00fasqueda de Susana<br><\/figcaption><\/figure>\n\n\n\n<p>Con respecto al estado en que se encontr\u00f3 el cad\u00e1ver, varias versiones apuntan a que el cuerpo fue quemado, pero fuentes del caso consultadas por Infobae sospechan de un avanzado estado de putrefacci\u00f3n. Ahora, la Polic\u00eda Cient\u00edfica trabaja en la escena. <\/p>\n\n\n\n<p>C\u00e1ceres desapareci\u00f3 el martes 8 de noviembre en la zona de Villa Trujui, en Moreno. Se fue de su casa dici\u00e9ndole a su madre que ir\u00eda a pagar una deuda. \u201cAh\u00ed vengo\u201d, grit\u00f3 desde la puerta antes de irse. Fue la \u00faltima vez que su madre la vio. Hasta el momento se desconoce qu\u00e9 tipo de deuda iba a pagar y qui\u00e9n era su acreedor. S\u00f3lo se sabe que, en las horas previas, hab\u00eda vendido algunos electrodom\u00e9sticos para hacerse de efectivo. \u201cTen\u00eda encima no m\u00e1s de $10 mil\u201d, explic\u00f3 una fuente policial.<\/p>\n\n\n\n<p>As\u00ed comenz\u00f3 la intensa b\u00fasqueda de la mujer liderada por la fiscal Luisa Pontecorvo, titular de la UFI N 3 de Moreno, quien orden\u00f3 una serie de rastrillajes por la zona para dar con la mujer.<\/p>\n\n\n\n<p>Ayer, Pontecorvo orden\u00f3 allanar el domicilio de Alberto Peralta quien, seg\u00fan dijeron algunas amigas de la v\u00edctima, ser\u00eda pareja de C\u00e1ceres. La medida fue dispuesta este jueves pasadas las 19 horas, dos d\u00edas despu\u00e9s de que realizaron una inspecci\u00f3n ocular en la vivienda del hombre que, desde entonces, qued\u00f3 detenido porque intent\u00f3 esconder una pistola calibre 45 con numeraci\u00f3n limada.<\/p>\n\n\n\n<p>Aunque por el momento Peralta est\u00e1 detenido por la portaci\u00f3n de arma de guerra y no por la desaparici\u00f3n de su pareja, este rev\u00e9s podr\u00eda indicar que los investigadores sospechan del hombre y su entorno. M\u00e1s a\u00fan despu\u00e9s de que su familia les neg\u00f3 el ingreso al domicilio.<\/p>\n","protected":false},"excerpt":{"rendered":"<p>As\u00ed lo confirmaron a Infobae investigadores que intervienen en la causa. La mujer hab\u00eda sido vista por \u00faltima vez hace m\u00e1s de una semana. De acuerdo a los investigadores del caso, el hallazgo ocurri\u00f3 a pocos metros del camino del Buen Ayre y a la vera del r\u00edo Reconquista en Moreno. \u201cEl cuerpo fue encontrado [&hellip;]<\/p>\n","protected":false},"author":2,"featured_media":48768,"comment_status":"open","ping_status":"open","sticky":false,"template":"","format":"standard","meta":{"tdm_status":"","tdm_grid_status":"","_joinchat":[],"footnotes":""},"categories":[63],"tags":[],"class_list":{"0":"post-48767","1":"post","2":"type-post","3":"status-publish","4":"format-standard","5":"has-post-thumbnail","7":"category-policiales"},"amp_enabled":true,"_links":{"self":[{"href":"https:\/\/www.todoeldia.com\/index.php\/wp-json\/wp\/v2\/posts\/48767","targetHints":{"allow":["GET"]}}],"collection":[{"href":"https:\/\/www.todoeldia.com\/index.php\/wp-json\/wp\/v2\/posts"}],"about":[{"href":"https:\/\/www.todoeldia.com\/index.php\/wp-json\/wp\/v2\/types\/post"}],"author":[{"embeddable":true,"href":"https:\/\/www.todoeldia.com\/index.php\/wp-json\/wp\/v2\/users\/2"}],"replies":[{"embeddable":true,"href":"https:\/\/www.todoeldia.com\/index.php\/wp-json\/wp\/v2\/comments?post=48767"}],"version-history":[{"count":2,"href":"https:\/\/www.todoeldia.com\/index.php\/wp-json\/wp\/v2\/posts\/48767\/revisions"}],"predecessor-version":[{"id":48775,"href":"https:\/\/www.todoeldia.com\/index.php\/wp-json\/wp\/v2\/posts\/48767\/revisions\/48775"}],"wp:featuredmedia":[{"embeddable":true,"href":"https:\/\/www.todoeldia.com\/index.php\/wp-json\/wp\/v2\/media\/48768"}],"wp:attachment":[{"href":"https:\/\/www.todoeldia.com\/index.php\/wp-json\/wp\/v2\/media?parent=48767"}],"wp:term":[{"taxonomy":"category","embeddable":true,"href":"https:\/\/www.todoeldia.com\/index.php\/wp-json\/wp\/v2\/categories?post=48767"},{"taxonomy":"post_tag","embeddable":true,"href":"https:\/\/www.todoeldia.com\/index.php\/wp-json\/wp\/v2\/tags?post=48767"}],"curies":[{"name":"wp","href":"https:\/\/api.w.org\/{rel}","templated":true}]}}