{"id":48785,"date":"2022-11-18T19:36:00","date_gmt":"2022-11-18T22:36:00","guid":{"rendered":"https:\/\/www.todoeldia.com\/?p=48785"},"modified":"2022-11-18T19:36:02","modified_gmt":"2022-11-18T22:36:02","slug":"el-gobierno-anuncio-que-dio-de-baja-los-planes-sociales-de-los-beneficiarios-que-presentaron-irregularidades","status":"publish","type":"post","link":"https:\/\/www.todoeldia.com\/index.php\/2022\/11\/18\/el-gobierno-anuncio-que-dio-de-baja-los-planes-sociales-de-los-beneficiarios-que-presentaron-irregularidades\/","title":{"rendered":"El Gobierno anunci\u00f3 que dio de baja los planes sociales de los beneficiarios que presentaron irregularidades"},"content":{"rendered":"\n<p>La medida la present\u00f3 la ministra Victoria Tolosa Paz durante una conferencia de prensa. Es a ra\u00edz de la investigaci\u00f3n publicada por Infobae, en la que se revel\u00f3 que casi 2.800 muertos cobraban del Potenciar Trabajo.<\/p>\n\n\n\n<p>La ministra de Desarrollo Social, Victoria Tolosa Paz, anunci\u00f3 este viernes que se dar\u00e1n de baja del Potenciar Trabajo a aquellas personas que presentan irregularidades en los requisitos para ser beneficiaros. Seg\u00fan inform\u00f3 durante una conferencia de prensa, se trata de un 0,3% de casos. La decisi\u00f3n se conoce luego de un informe de la AFIP -difundido por Infobae- que aseguraba que hab\u00eda 2.800 muertos que cobraban de ese plan social.<\/p>\n\n\n\n<p>Tolosa Paz insisti\u00f3 en que el informe de la AFIP se trat\u00f3 de una \u201cmala interpretaci\u00f3n period\u00edstica\u201d ya que era informaci\u00f3n \u201cestad\u00edstica\u201d. En ese sentido, aclar\u00f3 que los datos que revel\u00f3 este viernes son \u201cnominales\u201d.<\/p>\n\n\n\n<p>En ese sentido, resalt\u00f3 que s\u00f3lo el 0,3% de los beneficiarios present\u00f3 irregularidades como compra de d\u00f3lar ahorro y\/o realizaron gastos con tarjeta de cr\u00e9dito Seg\u00fan detall\u00f3, hubo 145 personas que realizaron compras con tarjeta de cr\u00e9dito desde 100 d\u00f3lares mensuales hasta 50.000 d\u00f3lares acumulados durante los 26 meses analizados, totalizando consumos por 1.108.107. \u201cNo hay duda alguna de que es una condici\u00f3n para la baja inmediata de estos casos\u201d, enfatiz\u00f3.<\/p>\n\n\n\n<p>\u201cVenimos a poner en orden el Ministerio de Desarrollo para que no se permita la estigmatizaci\u00f3n en las pol\u00edticas de sociales\u201d, insisti\u00f3.<\/p>\n","protected":false},"excerpt":{"rendered":"<p>La medida la present\u00f3 la ministra Victoria Tolosa Paz durante una conferencia de prensa. Es a ra\u00edz de la investigaci\u00f3n publicada por Infobae, en la que se revel\u00f3 que casi 2.800 muertos cobraban del Potenciar Trabajo. La ministra de Desarrollo Social, Victoria Tolosa Paz, anunci\u00f3 este viernes que se dar\u00e1n de baja del Potenciar Trabajo [&hellip;]<\/p>\n","protected":false},"author":2,"featured_media":35009,"comment_status":"open","ping_status":"open","sticky":false,"template":"","format":"standard","meta":{"tdm_status":"","tdm_grid_status":"","_joinchat":[],"footnotes":""},"categories":[60],"tags":[],"class_list":{"0":"post-48785","1":"post","2":"type-post","3":"status-publish","4":"format-standard","5":"has-post-thumbnail","7":"category-economia"},"amp_enabled":true,"_links":{"self":[{"href":"https:\/\/www.todoeldia.com\/index.php\/wp-json\/wp\/v2\/posts\/48785","targetHints":{"allow":["GET"]}}],"collection":[{"href":"https:\/\/www.todoeldia.com\/index.php\/wp-json\/wp\/v2\/posts"}],"about":[{"href":"https:\/\/www.todoeldia.com\/index.php\/wp-json\/wp\/v2\/types\/post"}],"author":[{"embeddable":true,"href":"https:\/\/www.todoeldia.com\/index.php\/wp-json\/wp\/v2\/users\/2"}],"replies":[{"embeddable":true,"href":"https:\/\/www.todoeldia.com\/index.php\/wp-json\/wp\/v2\/comments?post=48785"}],"version-history":[{"count":1,"href":"https:\/\/www.todoeldia.com\/index.php\/wp-json\/wp\/v2\/posts\/48785\/revisions"}],"predecessor-version":[{"id":48786,"href":"https:\/\/www.todoeldia.com\/index.php\/wp-json\/wp\/v2\/posts\/48785\/revisions\/48786"}],"wp:featuredmedia":[{"embeddable":true,"href":"https:\/\/www.todoeldia.com\/index.php\/wp-json\/wp\/v2\/media\/35009"}],"wp:attachment":[{"href":"https:\/\/www.todoeldia.com\/index.php\/wp-json\/wp\/v2\/media?parent=48785"}],"wp:term":[{"taxonomy":"category","embeddable":true,"href":"https:\/\/www.todoeldia.com\/index.php\/wp-json\/wp\/v2\/categories?post=48785"},{"taxonomy":"post_tag","embeddable":true,"href":"https:\/\/www.todoeldia.com\/index.php\/wp-json\/wp\/v2\/tags?post=48785"}],"curies":[{"name":"wp","href":"https:\/\/api.w.org\/{rel}","templated":true}]}}