{"id":48809,"date":"2022-11-19T20:01:42","date_gmt":"2022-11-19T23:01:42","guid":{"rendered":"https:\/\/www.todoeldia.com\/?p=48809"},"modified":"2022-11-19T20:01:44","modified_gmt":"2022-11-19T23:01:44","slug":"sobreseyeron-a-la-jubilada-que-mato-un-ladron-en-cordoba-la-justicia-considero-que-actuo-en-legitima-defensa","status":"publish","type":"post","link":"https:\/\/www.todoeldia.com\/index.php\/2022\/11\/19\/sobreseyeron-a-la-jubilada-que-mato-un-ladron-en-cordoba-la-justicia-considero-que-actuo-en-legitima-defensa\/","title":{"rendered":"Sobreseyeron a la jubilada que mat\u00f3 un ladr\u00f3n en C\u00f3rdoba: la Justicia consider\u00f3 que actu\u00f3 en leg\u00edtima defensa"},"content":{"rendered":"\n<p>Mar\u00eda Eva Gastiareana asesin\u00f3 a un delincuente que le hab\u00eda entrado a robar a su casa junto con otro c\u00f3mplice en agosto de este a\u00f1o. \u201cEra su vida o la m\u00eda\u201d, declar\u00f3 en aquel momento.<\/p>\n\n\n\n<p>El juzgado de control de Cosqu\u00edn sobresey\u00f3 a Mar\u00eda Eva Gastiareana, la jubilada que mat\u00f3 a un ladr\u00f3n que le hab\u00eda entrado a robar a su casa en C\u00f3rdoba en agosto del a\u00f1o pasado, por considerar que actu\u00f3 en leg\u00edtima defensa.<\/p>\n\n\n\n<p>La noticia la confirm\u00f3 la propia mujer, en di\u00e1logo con Cadena 3: \u201cRecib\u00ed una notificaci\u00f3n que me comunica el sobreseimiento total fundado en la leg\u00edtima defensa, cuando el 17 de agosto pasado, mat\u00e9 a un delincuente que ingres\u00f3 a mi domicilio luego de golpear a mi marido y darlo por muerto\u201d.<\/p>\n\n\n\n<figure class=\"wp-block-image size-large\"><img loading=\"lazy\" decoding=\"async\" width=\"1024\" height=\"1024\" src=\"https:\/\/www.todoeldia.com\/wp-content\/uploads\/2022\/11\/image-125-1024x1024.png\" alt=\"\" class=\"wp-image-48811\" srcset=\"https:\/\/www.todoeldia.com\/wp-content\/uploads\/2022\/11\/image-125-1024x1024.png 1024w, https:\/\/www.todoeldia.com\/wp-content\/uploads\/2022\/11\/image-125-300x300.png 300w, https:\/\/www.todoeldia.com\/wp-content\/uploads\/2022\/11\/image-125-150x150.png 150w, https:\/\/www.todoeldia.com\/wp-content\/uploads\/2022\/11\/image-125-768x768.png 768w, https:\/\/www.todoeldia.com\/wp-content\/uploads\/2022\/11\/image-125-696x696.png 696w, https:\/\/www.todoeldia.com\/wp-content\/uploads\/2022\/11\/image-125-1068x1068.png 1068w, https:\/\/www.todoeldia.com\/wp-content\/uploads\/2022\/11\/image-125-420x420.png 420w, https:\/\/www.todoeldia.com\/wp-content\/uploads\/2022\/11\/image-125.png 1440w\" sizes=\"auto, (max-width: 1024px) 100vw, 1024px\" \/><\/figure>\n\n\n\n<p>La docente y abogada estaba imputada por homicidio, luego de que usara un arma de fuego que ten\u00eda en su casa para asesinar a uno de los dos delincuentes que entr\u00f3 a robar a su domicilio de la ciudad de Bialet Mass\u00e9.<\/p>\n\n\n\n<p>El pasado 25 de agosto, efectivos de la departamental de Punilla detuvieron a un hombre que ser\u00eda el c\u00f3mplice del delincuente que fue asesinado por Gastiareana. En aquel momento se dispuso la detenci\u00f3n del sospechoso.<\/p>\n\n\n\n<p>El delincuente luego fue trasladado al Establecimiento Penitenciario 9 (UCA) y finalmente el Ministerio P\u00fablico Fiscal confirm\u00f3 que fiscal\u00eda de Instrucci\u00f3n de Cosqu\u00edn lo imput\u00f3 por robo calificado.<\/p>\n","protected":false},"excerpt":{"rendered":"<p>Mar\u00eda Eva Gastiareana asesin\u00f3 a un delincuente que le hab\u00eda entrado a robar a su casa junto con otro c\u00f3mplice en agosto de este a\u00f1o. \u201cEra su vida o la m\u00eda\u201d, declar\u00f3 en aquel momento. El juzgado de control de Cosqu\u00edn sobresey\u00f3 a Mar\u00eda Eva Gastiareana, la jubilada que mat\u00f3 a un ladr\u00f3n que le [&hellip;]<\/p>\n","protected":false},"author":2,"featured_media":48810,"comment_status":"open","ping_status":"open","sticky":false,"template":"","format":"standard","meta":{"tdm_status":"","tdm_grid_status":"","_joinchat":[],"footnotes":""},"categories":[63],"tags":[],"class_list":{"0":"post-48809","1":"post","2":"type-post","3":"status-publish","4":"format-standard","5":"has-post-thumbnail","7":"category-policiales"},"amp_enabled":true,"_links":{"self":[{"href":"https:\/\/www.todoeldia.com\/index.php\/wp-json\/wp\/v2\/posts\/48809","targetHints":{"allow":["GET"]}}],"collection":[{"href":"https:\/\/www.todoeldia.com\/index.php\/wp-json\/wp\/v2\/posts"}],"about":[{"href":"https:\/\/www.todoeldia.com\/index.php\/wp-json\/wp\/v2\/types\/post"}],"author":[{"embeddable":true,"href":"https:\/\/www.todoeldia.com\/index.php\/wp-json\/wp\/v2\/users\/2"}],"replies":[{"embeddable":true,"href":"https:\/\/www.todoeldia.com\/index.php\/wp-json\/wp\/v2\/comments?post=48809"}],"version-history":[{"count":1,"href":"https:\/\/www.todoeldia.com\/index.php\/wp-json\/wp\/v2\/posts\/48809\/revisions"}],"predecessor-version":[{"id":48812,"href":"https:\/\/www.todoeldia.com\/index.php\/wp-json\/wp\/v2\/posts\/48809\/revisions\/48812"}],"wp:featuredmedia":[{"embeddable":true,"href":"https:\/\/www.todoeldia.com\/index.php\/wp-json\/wp\/v2\/media\/48810"}],"wp:attachment":[{"href":"https:\/\/www.todoeldia.com\/index.php\/wp-json\/wp\/v2\/media?parent=48809"}],"wp:term":[{"taxonomy":"category","embeddable":true,"href":"https:\/\/www.todoeldia.com\/index.php\/wp-json\/wp\/v2\/categories?post=48809"},{"taxonomy":"post_tag","embeddable":true,"href":"https:\/\/www.todoeldia.com\/index.php\/wp-json\/wp\/v2\/tags?post=48809"}],"curies":[{"name":"wp","href":"https:\/\/api.w.org\/{rel}","templated":true}]}}