{"id":48821,"date":"2022-11-20T11:41:57","date_gmt":"2022-11-20T14:41:57","guid":{"rendered":"https:\/\/www.todoeldia.com\/?p=48821"},"modified":"2022-11-20T11:41:58","modified_gmt":"2022-11-20T14:41:58","slug":"murio-la-vieja-hebe-de-bonafini","status":"publish","type":"post","link":"https:\/\/www.todoeldia.com\/index.php\/2022\/11\/20\/murio-la-vieja-hebe-de-bonafini\/","title":{"rendered":"Muri\u00f3 la vieja Hebe de Bonafini"},"content":{"rendered":"\n<p>Madre de dos hijos desaparecidos, defensora y activista de los derechos humanos, militante kirchnerista, multipremiada en el mundo, procesada por malversaci\u00f3n de fondos p\u00fablicos, siempre visceral, siempre controversial, la titular de la Asociaci\u00f3n Madres de Plaza de Mayo falleci\u00f3 a sus 93 a\u00f1os.<\/p>\n\n\n\n<p>Muri\u00f3, a los 93 a\u00f1os, Hebe. Muri\u00f3 una mujer que no necesita apellido. Hab\u00eda nacido como Hebe Mar\u00eda Pastor el 4 de diciembre de 1928 en una casa de clase media, en una familia sencilla de un barrio obrero de Ensenada, provincia de Buenos Aires. Muri\u00f3 como Hebe de Bonafini, este domingo por la ma\u00f1ana, en el hospital Italiano de La Plata, donde estaba internada desde hace unos d\u00edas. Era una activista por los derechos humanos, una luchadora por la tr\u00edada Memoria, Verdad y Justicia, titular de la Asociaci\u00f3n Madres de Plaza de Mayo, convertida con los a\u00f1os en un actor pol\u00edtico af\u00edn al kirchnerismo, una militante de fundamentos encendidos, de declaraciones en\u00e9rgicas, una pr\u00f3spera proveedora de titulares period\u00edsticos, una usina de tensi\u00f3n al debate ideol\u00f3gico. Muri\u00f3 tambi\u00e9n procesada y envuelta en pol\u00e9micas.<\/p>\n\n\n\n<p>Muri\u00f3 despu\u00e9s de que las redes sociales anunciaran su muerte m\u00e1s de una vez. Muri\u00f3 despu\u00e9s de que su biograf\u00eda de Wikipedia mutara de \u201cactivista\u201d a \u201cvieja, lacra, decadente y senil\u201d. En una de sus \u00faltimas declaraciones p\u00fablicas, entendi\u00f3 que esta intervenci\u00f3n de su perfil virtual obedec\u00eda a \u201clas ganas que tienen algunos de que me muera\u201d. Anunci\u00f3, a su vez, que iniciar\u00eda acciones legales por la difusi\u00f3n de estos calificativos despectivos. Si hay algo de lo que Hebe de Bonafini puede presumir es que nunca se call\u00f3. Nunca esquiv\u00f3 la discusi\u00f3n. Incurr\u00eda en la desmesura, en la exaltaci\u00f3n. Se convirti\u00f3 en una voz de referencia, en un foco de opini\u00f3n, en un term\u00f3metro pol\u00edtico, en un derrotero de declaraciones entrecomilladas. Uno de sus \u00faltimos t\u00edtulos fue dirigido a Alberto Fern\u00e1ndez: \u201cHable lo menos posible porque cuando lo hace es una desilusi\u00f3n\u201d, enfatiz\u00f3, quien ya hab\u00eda exigido la renuncia del presidente luego del intento de magnicidio contra Cristina Kichner.<\/p>\n","protected":false},"excerpt":{"rendered":"<p>Madre de dos hijos desaparecidos, defensora y activista de los derechos humanos, militante kirchnerista, multipremiada en el mundo, procesada por malversaci\u00f3n de fondos p\u00fablicos, siempre visceral, siempre controversial, la titular de la Asociaci\u00f3n Madres de Plaza de Mayo falleci\u00f3 a sus 93 a\u00f1os. Muri\u00f3, a los 93 a\u00f1os, Hebe. Muri\u00f3 una mujer que no necesita [&hellip;]<\/p>\n","protected":false},"author":2,"featured_media":20848,"comment_status":"open","ping_status":"open","sticky":false,"template":"","format":"standard","meta":{"tdm_status":"","tdm_grid_status":"","_joinchat":[],"footnotes":""},"categories":[73],"tags":[],"class_list":{"0":"post-48821","1":"post","2":"type-post","3":"status-publish","4":"format-standard","5":"has-post-thumbnail","7":"category-noticias-general"},"amp_enabled":true,"_links":{"self":[{"href":"https:\/\/www.todoeldia.com\/index.php\/wp-json\/wp\/v2\/posts\/48821","targetHints":{"allow":["GET"]}}],"collection":[{"href":"https:\/\/www.todoeldia.com\/index.php\/wp-json\/wp\/v2\/posts"}],"about":[{"href":"https:\/\/www.todoeldia.com\/index.php\/wp-json\/wp\/v2\/types\/post"}],"author":[{"embeddable":true,"href":"https:\/\/www.todoeldia.com\/index.php\/wp-json\/wp\/v2\/users\/2"}],"replies":[{"embeddable":true,"href":"https:\/\/www.todoeldia.com\/index.php\/wp-json\/wp\/v2\/comments?post=48821"}],"version-history":[{"count":1,"href":"https:\/\/www.todoeldia.com\/index.php\/wp-json\/wp\/v2\/posts\/48821\/revisions"}],"predecessor-version":[{"id":48822,"href":"https:\/\/www.todoeldia.com\/index.php\/wp-json\/wp\/v2\/posts\/48821\/revisions\/48822"}],"wp:featuredmedia":[{"embeddable":true,"href":"https:\/\/www.todoeldia.com\/index.php\/wp-json\/wp\/v2\/media\/20848"}],"wp:attachment":[{"href":"https:\/\/www.todoeldia.com\/index.php\/wp-json\/wp\/v2\/media?parent=48821"}],"wp:term":[{"taxonomy":"category","embeddable":true,"href":"https:\/\/www.todoeldia.com\/index.php\/wp-json\/wp\/v2\/categories?post=48821"},{"taxonomy":"post_tag","embeddable":true,"href":"https:\/\/www.todoeldia.com\/index.php\/wp-json\/wp\/v2\/tags?post=48821"}],"curies":[{"name":"wp","href":"https:\/\/api.w.org\/{rel}","templated":true}]}}