{"id":4903,"date":"2020-09-06T20:34:12","date_gmt":"2020-09-06T23:34:12","guid":{"rendered":"https:\/\/www.todoeldia.com\/?p=4903"},"modified":"2020-09-06T20:40:36","modified_gmt":"2020-09-06T23:40:36","slug":"el-agua-sale-con-olor-a-mierda-twitter-estallo-y-aysa-explico-el-motivo-del-problema-en-la-ciudad-de-buenos-aires","status":"publish","type":"post","link":"https:\/\/www.todoeldia.com\/index.php\/2020\/09\/06\/el-agua-sale-con-olor-a-mierda-twitter-estallo-y-aysa-explico-el-motivo-del-problema-en-la-ciudad-de-buenos-aires\/","title":{"rendered":"&#8220;\u00a1El agua sale con olor a mier&#8230;!&#8221;: Twitter estall\u00f3 y Aysa explic\u00f3 el motivo del problema en la Ciudad de Buenos Aires"},"content":{"rendered":"\n<p>En las \u00faltimas horas, fueron muchos los usuarios que volcaron en redes sociales su reclamo por el olor y sabor del agua potable en la Ciudad de Buenos Aires. Consultados una vez m\u00e1s por la situaci\u00f3n -que se repite cada seis meses por una caracter\u00edstica puntual del R\u00edo de la Plata-, desde Aysa advierten: &#8220;Pueden producirse variaciones en el R\u00edo de la Plata que provoquen esta situaci\u00f3n, que de ninguna manera afecta la potabilidad del agua&#8221;.<\/p>\n\n\n\n<p>&#8220;Queremos llevar tranquilidad a la poblaci\u00f3n beneficiaria, dado que esta situaci\u00f3n no presenta peligro alguno para la salud&#8221;, reforzaron desde&nbsp;Agua y Saneamientos Argentinos, al tiempo que detallaron: &#8220;El agua que suministramos es monitoreada las 24 horas, los 365 d\u00edas del a\u00f1o y sometida a rigurosos an\u00e1lisis de laboratorio, lo que asegura el control permanente en todas las etapas de producci\u00f3n, desde la captaci\u00f3n en el r\u00edo hasta la distribuci\u00f3n domiciliaria&#8221;.<\/p>\n\n\n\n<p>El periodismo de calidad necesita de la ayuda de los lectores. Tu apoyo es fundamental.&nbsp;Tu contribuci\u00f3n es super importante para nuestro futuro.<\/p>\n\n\n\n<p>El tema se instal\u00f3 en redes sociales en s\u00e1bado por la noche y fueron muchos los usuarios que se preguntaron si exist\u00eda alg\u00fan riesgo sanitario. Desde la empresa, volvieron a explicar que el cambio en el olor y el sabor responde a una variaci\u00f3n habitual del R\u00edo de la Plata, que se registr\u00f3 en septiembre y tambi\u00e9n en febrero. En 2019, tambi\u00e9n hubo cuatro variaciones que generaron alerta entre los consumidores.<\/p>\n\n\n\n<p>De todos modos, desde la empresa confirmaron que se est\u00e1 llevando adelante una investigaci\u00f3n para determinar si el origen del problema se trat\u00f3 de un fen\u00f3meno natural o si hay contaminaci\u00f3n industrial. &#8220;Se informa con el objetivo de llevar tranquilidad a la poblaci\u00f3n dado que esta situaci\u00f3n no presenta peligro alguno para la salud. Es importante destacar que se est\u00e1 llevando adelante la investigaci\u00f3n sobre el origen del evento, &nbsp;con el objeto de encontrar &nbsp;a trav\u00e9s de procedimientos f\u00edsicos o qu\u00edmicos, si fuera posible, la resoluci\u00f3n&#8221;.<\/p>\n\n\n\n<p>&#8220;Tambi\u00e9n se est\u00e1 evaluando la posibilidad de radicar la denuncia en la Fiscal\u00eda Federal de Ambiente para que se determine si hay contaminaci\u00f3n industrial o si se trata de un fen\u00f3meno natural&#8221;, sumaron.<\/p>\n","protected":false},"excerpt":{"rendered":"<p>En las \u00faltimas horas, fueron muchos los usuarios que volcaron en redes sociales su reclamo por el olor y sabor del agua potable en la Ciudad de Buenos Aires. Consultados una vez m\u00e1s por la situaci\u00f3n -que se repite cada seis meses por una caracter\u00edstica puntual del R\u00edo de la Plata-, desde Aysa advierten: &#8220;Pueden [&hellip;]<\/p>\n","protected":false},"author":2,"featured_media":4904,"comment_status":"open","ping_status":"open","sticky":false,"template":"","format":"standard","meta":{"tdm_status":"","tdm_grid_status":"","_joinchat":[],"footnotes":""},"categories":[73],"tags":[],"class_list":{"0":"post-4903","1":"post","2":"type-post","3":"status-publish","4":"format-standard","5":"has-post-thumbnail","7":"category-noticias-general"},"amp_enabled":true,"_links":{"self":[{"href":"https:\/\/www.todoeldia.com\/index.php\/wp-json\/wp\/v2\/posts\/4903","targetHints":{"allow":["GET"]}}],"collection":[{"href":"https:\/\/www.todoeldia.com\/index.php\/wp-json\/wp\/v2\/posts"}],"about":[{"href":"https:\/\/www.todoeldia.com\/index.php\/wp-json\/wp\/v2\/types\/post"}],"author":[{"embeddable":true,"href":"https:\/\/www.todoeldia.com\/index.php\/wp-json\/wp\/v2\/users\/2"}],"replies":[{"embeddable":true,"href":"https:\/\/www.todoeldia.com\/index.php\/wp-json\/wp\/v2\/comments?post=4903"}],"version-history":[{"count":2,"href":"https:\/\/www.todoeldia.com\/index.php\/wp-json\/wp\/v2\/posts\/4903\/revisions"}],"predecessor-version":[{"id":4906,"href":"https:\/\/www.todoeldia.com\/index.php\/wp-json\/wp\/v2\/posts\/4903\/revisions\/4906"}],"wp:featuredmedia":[{"embeddable":true,"href":"https:\/\/www.todoeldia.com\/index.php\/wp-json\/wp\/v2\/media\/4904"}],"wp:attachment":[{"href":"https:\/\/www.todoeldia.com\/index.php\/wp-json\/wp\/v2\/media?parent=4903"}],"wp:term":[{"taxonomy":"category","embeddable":true,"href":"https:\/\/www.todoeldia.com\/index.php\/wp-json\/wp\/v2\/categories?post=4903"},{"taxonomy":"post_tag","embeddable":true,"href":"https:\/\/www.todoeldia.com\/index.php\/wp-json\/wp\/v2\/tags?post=4903"}],"curies":[{"name":"wp","href":"https:\/\/api.w.org\/{rel}","templated":true}]}}