{"id":4907,"date":"2020-09-06T21:06:53","date_gmt":"2020-09-07T00:06:53","guid":{"rendered":"https:\/\/www.todoeldia.com\/?p=4907"},"modified":"2020-09-06T21:10:21","modified_gmt":"2020-09-07T00:10:21","slug":"accion-de-amparo-del-gobierno-contra-clinicas-y-sanatorios","status":"publish","type":"post","link":"https:\/\/www.todoeldia.com\/index.php\/2020\/09\/06\/accion-de-amparo-del-gobierno-contra-clinicas-y-sanatorios\/","title":{"rendered":"Acci\u00f3n de amparo del Gobierno contra cl\u00ednicas y sanatorios"},"content":{"rendered":"\n<p>Tanto las cl\u00ednicas privadas como las obras sociales no est\u00e1n asumiendo la responsabilidad que les toca con los pacientes sospechosos o con coronavirus positivo.<\/p>\n\n\n\n<p>Las cl\u00ednicas ya no aceptan pacientes seg\u00fan dicen porque est\u00e1n llenas o saturado el servicio por lo que recomiendan a aquellos que tienen obra social dirigirse directamente al hospital p\u00fablico.<\/p>\n\n\n\n<p>Esto ya hab\u00eda ocurrido hace un par de semanas cuando el IPS dijo que no iba a autorizar m\u00e1s cirug\u00edas sino eran esenciales y pod\u00edan ser postergadas porque sus afiliados no eran atendidos en las cl\u00ednicas.<\/p>\n\n\n\n<p>Inmediatamente se reunieron la ministro de Salud Publica las autoridades de cl\u00ednicas y sanatorios junto a funcionarios del Instituto Provincial de Seguros y el tema quedo solucionado en unos minutos.<\/p>\n\n\n\n<p>Ahora volvi\u00f3 a ocurrir lo mismo raz\u00f3n por la cual el Gobernador Gustavo S\u00e1enz al tomar conocimiento de las derivaciones de las cl\u00ednicas y sanatorios hacia el sector p\u00fablico por pacientes con sospecha de Covid orden\u00f3 que se arbitren las medidas judiciales para que asuman la responsabilidad que les corresponde.<\/p>\n\n\n\n<p>El fiscal de Estado de la Provincia, Agust\u00edn P\u00e9rez Alsina, present\u00f3 hoy &nbsp;una acci\u00f3n de amparo para que las cl\u00ednicas privadas tomen todos los recaudos para atender a los pacientes que se presentan con s\u00edntomas de la enfermedad del coronavirus.<br>Mientras tanto las Obras Sociales tampoco se hacen cargo del hisopado que solicitan sus afiliados, tambi\u00e9n deriv\u00e1ndolos directamente al servicio sanitario de la Provincia.<br><br><\/p>\n","protected":false},"excerpt":{"rendered":"<p>Tanto las cl\u00ednicas privadas como las obras sociales no est\u00e1n asumiendo la responsabilidad que les toca con los pacientes sospechosos o con coronavirus positivo. Las cl\u00ednicas ya no aceptan pacientes seg\u00fan dicen porque est\u00e1n llenas o saturado el servicio por lo que recomiendan a aquellos que tienen obra social dirigirse directamente al hospital p\u00fablico. Esto [&hellip;]<\/p>\n","protected":false},"author":2,"featured_media":4910,"comment_status":"open","ping_status":"open","sticky":false,"template":"","format":"standard","meta":{"tdm_status":"","tdm_grid_status":"","_joinchat":[],"footnotes":""},"categories":[69],"tags":[],"class_list":{"0":"post-4907","1":"post","2":"type-post","3":"status-publish","4":"format-standard","5":"has-post-thumbnail","7":"category-salta"},"amp_enabled":true,"_links":{"self":[{"href":"https:\/\/www.todoeldia.com\/index.php\/wp-json\/wp\/v2\/posts\/4907","targetHints":{"allow":["GET"]}}],"collection":[{"href":"https:\/\/www.todoeldia.com\/index.php\/wp-json\/wp\/v2\/posts"}],"about":[{"href":"https:\/\/www.todoeldia.com\/index.php\/wp-json\/wp\/v2\/types\/post"}],"author":[{"embeddable":true,"href":"https:\/\/www.todoeldia.com\/index.php\/wp-json\/wp\/v2\/users\/2"}],"replies":[{"embeddable":true,"href":"https:\/\/www.todoeldia.com\/index.php\/wp-json\/wp\/v2\/comments?post=4907"}],"version-history":[{"count":1,"href":"https:\/\/www.todoeldia.com\/index.php\/wp-json\/wp\/v2\/posts\/4907\/revisions"}],"predecessor-version":[{"id":4909,"href":"https:\/\/www.todoeldia.com\/index.php\/wp-json\/wp\/v2\/posts\/4907\/revisions\/4909"}],"wp:featuredmedia":[{"embeddable":true,"href":"https:\/\/www.todoeldia.com\/index.php\/wp-json\/wp\/v2\/media\/4910"}],"wp:attachment":[{"href":"https:\/\/www.todoeldia.com\/index.php\/wp-json\/wp\/v2\/media?parent=4907"}],"wp:term":[{"taxonomy":"category","embeddable":true,"href":"https:\/\/www.todoeldia.com\/index.php\/wp-json\/wp\/v2\/categories?post=4907"},{"taxonomy":"post_tag","embeddable":true,"href":"https:\/\/www.todoeldia.com\/index.php\/wp-json\/wp\/v2\/tags?post=4907"}],"curies":[{"name":"wp","href":"https:\/\/api.w.org\/{rel}","templated":true}]}}