{"id":4920,"date":"2020-09-07T10:39:12","date_gmt":"2020-09-07T13:39:12","guid":{"rendered":"https:\/\/www.todoeldia.com\/?p=4920"},"modified":"2020-09-07T10:39:13","modified_gmt":"2020-09-07T13:39:13","slug":"a-juicio-por-someter-a-su-pareja-a-practicas-sexuales-no-consentidas","status":"publish","type":"post","link":"https:\/\/www.todoeldia.com\/index.php\/2020\/09\/07\/a-juicio-por-someter-a-su-pareja-a-practicas-sexuales-no-consentidas\/","title":{"rendered":"A juicio por someter a su pareja a pr\u00e1cticas sexuales no consentidas"},"content":{"rendered":"\n<p>El fiscal penal 1 de la Unidad de Delitos contra la Integridad Sexual, Federico Obeid, requiri\u00f3 ante el Juzgado de Garant\u00edas 5, la elevaci\u00f3n a juicio de la causa que tiene como imputado a un hombre de 43 a\u00f1os, acusado del delito de abuso sexual con acceso carnal.<\/p>\n\n\n\n<p>La denuncia fue radicada por la v\u00edctima, en contra de su novio, con quien, al momento del hecho, llevaba tres a\u00f1os de relaci\u00f3n.<\/p>\n\n\n\n<p>Del requerimiento surgi\u00f3 que el imputado atent\u00f3 contra la integridad sexual de la v\u00edctima, al desplegar actos corporales de contenido esencialmente sexual, sin que \u00e9sta pueda consentir tal conducta, debido al car\u00e1cter repentino y sorpresivo.<\/p>\n\n\n\n<p>El hecho ocurri\u00f3 el 26 de febrero, cerca de las 4:45, cuando el acusado y la v\u00edctima estaban en el domicilio de la mujer, ubicado en Campo Quijano y manten\u00edan relaciones sexuales.<\/p>\n\n\n\n<p>Sorpresivamente y con voz amenazante, el acusado le dijo a la mujer que ten\u00eda que hacerle \u201clo que nadie le hab\u00eda hecho antes\u201d y la someti\u00f3 a pr\u00e1cticas no consentidas, lo que le produjo a la mujer lesiones que fueron constatadas en el informe m\u00e9dico.<\/p>\n","protected":false},"excerpt":{"rendered":"<p>El fiscal penal 1 de la Unidad de Delitos contra la Integridad Sexual, Federico Obeid, requiri\u00f3 ante el Juzgado de Garant\u00edas 5, la elevaci\u00f3n a juicio de la causa que tiene como imputado a un hombre de 43 a\u00f1os, acusado del delito de abuso sexual con acceso carnal. La denuncia fue radicada por la v\u00edctima, [&hellip;]<\/p>\n","protected":false},"author":2,"featured_media":4921,"comment_status":"open","ping_status":"open","sticky":false,"template":"","format":"standard","meta":{"tdm_status":"","tdm_grid_status":"","_joinchat":[],"footnotes":""},"categories":[63],"tags":[],"class_list":{"0":"post-4920","1":"post","2":"type-post","3":"status-publish","4":"format-standard","5":"has-post-thumbnail","7":"category-policiales"},"amp_enabled":true,"_links":{"self":[{"href":"https:\/\/www.todoeldia.com\/index.php\/wp-json\/wp\/v2\/posts\/4920","targetHints":{"allow":["GET"]}}],"collection":[{"href":"https:\/\/www.todoeldia.com\/index.php\/wp-json\/wp\/v2\/posts"}],"about":[{"href":"https:\/\/www.todoeldia.com\/index.php\/wp-json\/wp\/v2\/types\/post"}],"author":[{"embeddable":true,"href":"https:\/\/www.todoeldia.com\/index.php\/wp-json\/wp\/v2\/users\/2"}],"replies":[{"embeddable":true,"href":"https:\/\/www.todoeldia.com\/index.php\/wp-json\/wp\/v2\/comments?post=4920"}],"version-history":[{"count":1,"href":"https:\/\/www.todoeldia.com\/index.php\/wp-json\/wp\/v2\/posts\/4920\/revisions"}],"predecessor-version":[{"id":4922,"href":"https:\/\/www.todoeldia.com\/index.php\/wp-json\/wp\/v2\/posts\/4920\/revisions\/4922"}],"wp:featuredmedia":[{"embeddable":true,"href":"https:\/\/www.todoeldia.com\/index.php\/wp-json\/wp\/v2\/media\/4921"}],"wp:attachment":[{"href":"https:\/\/www.todoeldia.com\/index.php\/wp-json\/wp\/v2\/media?parent=4920"}],"wp:term":[{"taxonomy":"category","embeddable":true,"href":"https:\/\/www.todoeldia.com\/index.php\/wp-json\/wp\/v2\/categories?post=4920"},{"taxonomy":"post_tag","embeddable":true,"href":"https:\/\/www.todoeldia.com\/index.php\/wp-json\/wp\/v2\/tags?post=4920"}],"curies":[{"name":"wp","href":"https:\/\/api.w.org\/{rel}","templated":true}]}}