{"id":49936,"date":"2022-12-11T14:16:51","date_gmt":"2022-12-11T17:16:51","guid":{"rendered":"https:\/\/www.todoeldia.com\/?p=49936"},"modified":"2022-12-11T14:18:07","modified_gmt":"2022-12-11T17:18:07","slug":"la-policia-detuvo-a-un-joven-que-vendia-un-celular-robado-hace-meses-en-oran","status":"publish","type":"post","link":"https:\/\/www.todoeldia.com\/index.php\/2022\/12\/11\/la-policia-detuvo-a-un-joven-que-vendia-un-celular-robado-hace-meses-en-oran\/","title":{"rendered":"La polic\u00eda detuvo a un joven que vend\u00eda un celular robado hace meses en Or\u00e1n"},"content":{"rendered":"\n<p>Ayer tarde en la zona del microcentro la Polic\u00eda demor\u00f3 a un joven cuando ofrec\u00eda para la venta un Iphone 8 y no supo acreditar la propiedad. Al corroborar la procedencia establecieron que el aparato hab\u00eda sido sustra\u00eddo meses pasados en la ciudad de Or\u00e1n.<\/p>\n\n\n\n<p>El procedimiento se realiz\u00f3 ayer pasada las 18 horas en calle San Mart\u00edn y Pellegrini, en el marco de los operativos preventivos que se desarrollan en el microcentro de la ciudad, cuando una patrulla peatonal del Operativo Vig\u00eda observ\u00f3 a una persona que ofrec\u00eda a los transe\u00fantes un Iphone 8, al verificar el joven no contaba con la documentaci\u00f3n para acreditar la propiedad del celular.<\/p>\n\n\n\n<p>Por lo que se verific\u00f3 a trav\u00e9s de la p\u00e1gina Oficial de Ente Nacional de Comunicaciones que el equipo telef\u00f3nico se encontraba inhabilitado para su uso debido a una denuncia registrada en la ciudad de Or\u00e1n.<\/p>\n\n\n\n<p>De esta manera se procedi\u00f3 a demorar al joven de 19 a\u00f1os y se realiz\u00f3 el secuestro del tel\u00e9fono que quedo a disposici\u00f3n de la Justicia.<\/p>\n","protected":false},"excerpt":{"rendered":"<p>Ayer tarde en la zona del microcentro la Polic\u00eda demor\u00f3 a un joven cuando ofrec\u00eda para la venta un Iphone 8 y no supo acreditar la propiedad. Al corroborar la procedencia establecieron que el aparato hab\u00eda sido sustra\u00eddo meses pasados en la ciudad de Or\u00e1n. El procedimiento se realiz\u00f3 ayer pasada las 18 horas en [&hellip;]<\/p>\n","protected":false},"author":2,"featured_media":49939,"comment_status":"open","ping_status":"open","sticky":false,"template":"","format":"standard","meta":{"tdm_status":"","tdm_grid_status":"","_joinchat":[],"footnotes":""},"categories":[63],"tags":[],"class_list":{"0":"post-49936","1":"post","2":"type-post","3":"status-publish","4":"format-standard","5":"has-post-thumbnail","7":"category-policiales"},"amp_enabled":true,"_links":{"self":[{"href":"https:\/\/www.todoeldia.com\/index.php\/wp-json\/wp\/v2\/posts\/49936","targetHints":{"allow":["GET"]}}],"collection":[{"href":"https:\/\/www.todoeldia.com\/index.php\/wp-json\/wp\/v2\/posts"}],"about":[{"href":"https:\/\/www.todoeldia.com\/index.php\/wp-json\/wp\/v2\/types\/post"}],"author":[{"embeddable":true,"href":"https:\/\/www.todoeldia.com\/index.php\/wp-json\/wp\/v2\/users\/2"}],"replies":[{"embeddable":true,"href":"https:\/\/www.todoeldia.com\/index.php\/wp-json\/wp\/v2\/comments?post=49936"}],"version-history":[{"count":1,"href":"https:\/\/www.todoeldia.com\/index.php\/wp-json\/wp\/v2\/posts\/49936\/revisions"}],"predecessor-version":[{"id":49938,"href":"https:\/\/www.todoeldia.com\/index.php\/wp-json\/wp\/v2\/posts\/49936\/revisions\/49938"}],"wp:featuredmedia":[{"embeddable":true,"href":"https:\/\/www.todoeldia.com\/index.php\/wp-json\/wp\/v2\/media\/49939"}],"wp:attachment":[{"href":"https:\/\/www.todoeldia.com\/index.php\/wp-json\/wp\/v2\/media?parent=49936"}],"wp:term":[{"taxonomy":"category","embeddable":true,"href":"https:\/\/www.todoeldia.com\/index.php\/wp-json\/wp\/v2\/categories?post=49936"},{"taxonomy":"post_tag","embeddable":true,"href":"https:\/\/www.todoeldia.com\/index.php\/wp-json\/wp\/v2\/tags?post=49936"}],"curies":[{"name":"wp","href":"https:\/\/api.w.org\/{rel}","templated":true}]}}