{"id":49983,"date":"2022-12-13T09:44:26","date_gmt":"2022-12-13T12:44:26","guid":{"rendered":"https:\/\/www.todoeldia.com\/?p=49983"},"modified":"2022-12-13T09:44:28","modified_gmt":"2022-12-13T12:44:28","slug":"robaron-el-fin-de-semana-4-casas-en-el-country-el-tipal-el-mas-custodiado","status":"publish","type":"post","link":"https:\/\/www.todoeldia.com\/index.php\/2022\/12\/13\/robaron-el-fin-de-semana-4-casas-en-el-country-el-tipal-el-mas-custodiado\/","title":{"rendered":"Robaron el fin de semana 4 casas en el country El Tipal el m\u00e1s custodiado"},"content":{"rendered":"\n<p>La Polic\u00eda inici\u00f3 una serie de diligencias debido a los 4 robos que se produjeron en el country El Tipal ubicado sobre la autopista a San Lorenzo<\/p>\n\n\n\n<p>La Brigada de Investigaciones solicit\u00f3 todos los videos de seguridad incluido la de los vecinos cuyas casas fueron robadas entre el pasado viernes y s\u00e1bado a pesar de que en el lugar existe una vigilancia permanente de la seguridad privada controlando los per\u00edmetros y los ingresos y egresos.<\/p>\n\n\n\n<p>Hasta el momento no hay novedades ni sospechosos.<\/p>\n\n\n\n<p>Ayer asumi\u00f3 el nuevo ministro de Seguridad, Marcelo Dom\u00ednguez quien al t\u00e9rmino del acto asegur\u00f3 que \u201cla falta de seguridad en Salta es una realidad, no una sensaci\u00f3n\u201d y garantiz\u00f3 que habr\u00e1 m\u00e1s polic\u00edas en las calles.<\/p>\n\n\n\n<p>Mientras tanto el gobernador Gustavo S\u00e1enz resalt\u00f3 que el Ministerio tiene, por primera vez en 30 a\u00f1os, un Plan de Seguridad y Justicia 2021-2023, elaborado durante la gesti\u00f3n del ministro saliente. Al parecer no funciona todav\u00eda en raz\u00f3n de que se incrementaron los robos y los asaltos en todas la Provincia.<\/p>\n","protected":false},"excerpt":{"rendered":"<p>La Polic\u00eda inici\u00f3 una serie de diligencias debido a los 4 robos que se produjeron en el country El Tipal ubicado sobre la autopista a San Lorenzo La Brigada de Investigaciones solicit\u00f3 todos los videos de seguridad incluido la de los vecinos cuyas casas fueron robadas entre el pasado viernes y s\u00e1bado a pesar de [&hellip;]<\/p>\n","protected":false},"author":2,"featured_media":49984,"comment_status":"open","ping_status":"open","sticky":false,"template":"","format":"standard","meta":{"tdm_status":"","tdm_grid_status":"","_joinchat":[],"footnotes":""},"categories":[63],"tags":[],"class_list":{"0":"post-49983","1":"post","2":"type-post","3":"status-publish","4":"format-standard","5":"has-post-thumbnail","7":"category-policiales"},"amp_enabled":true,"_links":{"self":[{"href":"https:\/\/www.todoeldia.com\/index.php\/wp-json\/wp\/v2\/posts\/49983","targetHints":{"allow":["GET"]}}],"collection":[{"href":"https:\/\/www.todoeldia.com\/index.php\/wp-json\/wp\/v2\/posts"}],"about":[{"href":"https:\/\/www.todoeldia.com\/index.php\/wp-json\/wp\/v2\/types\/post"}],"author":[{"embeddable":true,"href":"https:\/\/www.todoeldia.com\/index.php\/wp-json\/wp\/v2\/users\/2"}],"replies":[{"embeddable":true,"href":"https:\/\/www.todoeldia.com\/index.php\/wp-json\/wp\/v2\/comments?post=49983"}],"version-history":[{"count":1,"href":"https:\/\/www.todoeldia.com\/index.php\/wp-json\/wp\/v2\/posts\/49983\/revisions"}],"predecessor-version":[{"id":49985,"href":"https:\/\/www.todoeldia.com\/index.php\/wp-json\/wp\/v2\/posts\/49983\/revisions\/49985"}],"wp:featuredmedia":[{"embeddable":true,"href":"https:\/\/www.todoeldia.com\/index.php\/wp-json\/wp\/v2\/media\/49984"}],"wp:attachment":[{"href":"https:\/\/www.todoeldia.com\/index.php\/wp-json\/wp\/v2\/media?parent=49983"}],"wp:term":[{"taxonomy":"category","embeddable":true,"href":"https:\/\/www.todoeldia.com\/index.php\/wp-json\/wp\/v2\/categories?post=49983"},{"taxonomy":"post_tag","embeddable":true,"href":"https:\/\/www.todoeldia.com\/index.php\/wp-json\/wp\/v2\/tags?post=49983"}],"curies":[{"name":"wp","href":"https:\/\/api.w.org\/{rel}","templated":true}]}}