{"id":49992,"date":"2022-12-13T11:43:22","date_gmt":"2022-12-13T14:43:22","guid":{"rendered":"https:\/\/www.todoeldia.com\/?p=49992"},"modified":"2022-12-13T11:43:25","modified_gmt":"2022-12-13T14:43:25","slug":"detienen-a-3-chinos-de-un-super-de-oran-por-privar-de-la-libertad-a-dos-menores-y-lesionar-a-uno-de-ellos","status":"publish","type":"post","link":"https:\/\/www.todoeldia.com\/index.php\/2022\/12\/13\/detienen-a-3-chinos-de-un-super-de-oran-por-privar-de-la-libertad-a-dos-menores-y-lesionar-a-uno-de-ellos\/","title":{"rendered":"Detienen a 3 chinos de un s\u00faper de Or\u00e1n por privar de la libertad a dos menores y lesionar a uno de ellos"},"content":{"rendered":"\n<p>Los acusados interceptaron a dos menores en el interior de un supermercado, los llevaron a un dep\u00f3sito y all\u00ed los habr\u00edan retenido. A uno de ellos, le causaron heridas graves, por las que se encuentra hospitalizado con pron\u00f3stico reservado.<\/p>\n\n\n\n<p>La fiscal penal 2 de Or\u00e1n, Mariana Torres, imput\u00f3 en forma provisional a tres hombres de 18, 35 y 37 a\u00f1os, de nacionalidad china, como coautores de los delitos de privaci\u00f3n ileg\u00edtima de la libertad y lesiones graves agravadas por el concurso premeditado de dos o m\u00e1s personas en concurso real.<\/p>\n\n\n\n<p>El hecho investigado ocurri\u00f3 el pasado 1 de diciembre por la noche en el interior de un supermercado de calle Pueyrred\u00f3n, cuando dos menores que se encontraban en el interior, fueron interceptados ante la sospecha de haber sustra\u00eddo alg\u00fan producto y fueron llevados a un dep\u00f3sito del local, donde habr\u00edan sido privados de su libertad y uno de los adolescentes, de 16 a\u00f1os, habr\u00eda sido golpeado en la cabeza.<\/p>\n\n\n\n<p>Por la gravedad de las lesiones, el menor fue hospitalizado en terapia intensiva y se verific\u00f3 que tiene fractura de cr\u00e1neo. Permanece hospitalizado con pron\u00f3stico reservado.<\/p>\n\n\n\n<p>Con los elementos de convicci\u00f3n necesarios, la fiscal Torres solicit\u00f3 al Juzgado de Garant\u00edas interviniente, orden de allanamiento y detenci\u00f3n de los sospechosos.<\/p>\n\n\n\n<p>Tras la audiencia de imputaci\u00f3n, desde la Fiscal\u00eda se solicit\u00f3 que los acusados contin\u00faen privados de su libertad.<\/p>\n","protected":false},"excerpt":{"rendered":"<p>Los acusados interceptaron a dos menores en el interior de un supermercado, los llevaron a un dep\u00f3sito y all\u00ed los habr\u00edan retenido. A uno de ellos, le causaron heridas graves, por las que se encuentra hospitalizado con pron\u00f3stico reservado. La fiscal penal 2 de Or\u00e1n, Mariana Torres, imput\u00f3 en forma provisional a tres hombres de [&hellip;]<\/p>\n","protected":false},"author":2,"featured_media":31769,"comment_status":"open","ping_status":"open","sticky":false,"template":"","format":"standard","meta":{"tdm_status":"","tdm_grid_status":"","_joinchat":[],"footnotes":""},"categories":[63],"tags":[],"class_list":{"0":"post-49992","1":"post","2":"type-post","3":"status-publish","4":"format-standard","5":"has-post-thumbnail","7":"category-policiales"},"amp_enabled":true,"_links":{"self":[{"href":"https:\/\/www.todoeldia.com\/index.php\/wp-json\/wp\/v2\/posts\/49992","targetHints":{"allow":["GET"]}}],"collection":[{"href":"https:\/\/www.todoeldia.com\/index.php\/wp-json\/wp\/v2\/posts"}],"about":[{"href":"https:\/\/www.todoeldia.com\/index.php\/wp-json\/wp\/v2\/types\/post"}],"author":[{"embeddable":true,"href":"https:\/\/www.todoeldia.com\/index.php\/wp-json\/wp\/v2\/users\/2"}],"replies":[{"embeddable":true,"href":"https:\/\/www.todoeldia.com\/index.php\/wp-json\/wp\/v2\/comments?post=49992"}],"version-history":[{"count":1,"href":"https:\/\/www.todoeldia.com\/index.php\/wp-json\/wp\/v2\/posts\/49992\/revisions"}],"predecessor-version":[{"id":49993,"href":"https:\/\/www.todoeldia.com\/index.php\/wp-json\/wp\/v2\/posts\/49992\/revisions\/49993"}],"wp:featuredmedia":[{"embeddable":true,"href":"https:\/\/www.todoeldia.com\/index.php\/wp-json\/wp\/v2\/media\/31769"}],"wp:attachment":[{"href":"https:\/\/www.todoeldia.com\/index.php\/wp-json\/wp\/v2\/media?parent=49992"}],"wp:term":[{"taxonomy":"category","embeddable":true,"href":"https:\/\/www.todoeldia.com\/index.php\/wp-json\/wp\/v2\/categories?post=49992"},{"taxonomy":"post_tag","embeddable":true,"href":"https:\/\/www.todoeldia.com\/index.php\/wp-json\/wp\/v2\/tags?post=49992"}],"curies":[{"name":"wp","href":"https:\/\/api.w.org\/{rel}","templated":true}]}}