{"id":50483,"date":"2022-12-21T09:50:34","date_gmt":"2022-12-21T12:50:34","guid":{"rendered":"https:\/\/www.todoeldia.com\/?p=50483"},"modified":"2022-12-21T09:50:36","modified_gmt":"2022-12-21T12:50:36","slug":"se-calento-anibal-fernandez-y-trato-a-chiqui-tapia-de-cachivache-de-pacotilla-por-la-polemica-seguridad-de-la-caravana-de-la-seleccion","status":"publish","type":"post","link":"https:\/\/www.todoeldia.com\/index.php\/2022\/12\/21\/se-calento-anibal-fernandez-y-trato-a-chiqui-tapia-de-cachivache-de-pacotilla-por-la-polemica-seguridad-de-la-caravana-de-la-seleccion\/","title":{"rendered":"Se calent\u00f3 An\u00edbal Fern\u00e1ndez y trat\u00f3 a \u201cChiqui \u201cTapia de \u201ccachivache de pacotilla\u201d por la pol\u00e9mica seguridad de la caravana de la Selecci\u00f3n"},"content":{"rendered":"\n<p>El ministro de Seguridad defendi\u00f3 la decisi\u00f3n de interrumpir el recorrido del micro y apunt\u00f3 contra el presidente de la AFA: asegur\u00f3 que no le entend\u00eda cuando hablaba por tel\u00e9fono. Tambi\u00e9n cuestion\u00f3 a Berni: \u201c\u00c9l no planific\u00f3 nada\u201d.<\/p>\n\n\n\n<p>El ministro de Seguridad, An\u00edbal Fern\u00e1ndez, apunt\u00f3 contra el presidente de la AFA, Claudio \u201cChiqui\u201d Tapia, en medio de la pol\u00e9mica por el operativo de seguridad fallido durante la caravana de los jugadores de la selecci\u00f3n argentina.<\/p>\n\n\n\n<p>El funcionario defendi\u00f3 la decisi\u00f3n de transportar a los futbolistas en helic\u00f3pteros porque no estaban dadas las condiciones para continuar el recorrido por tierra y calific\u00f3 al dirigente deportivo como \u201cun cachivache de pacotilla\u201d.<\/p>\n\n\n\n<p>Adem\u00e1s, en varias ocasiones se\u00f1al\u00f3 que no le entend\u00eda lo que dec\u00eda por tel\u00e9fono -dando a entender que no se encontraba en buenas condiciones- y se quej\u00f3 porque ayer tuvo que esperar m\u00e1s de una hora para entrevistarse con \u00e9l porque estaba durmiendo.<\/p>\n\n\n\n<p>La controversia explot\u00f3 porque en medio de la caravana de los campeones del mundo, el titular de la AFA public\u00f3 una serie de mensajes en los que destac\u00f3 el rol de Sergio Berni en el operativo y cuestionaba al resto de los responsables de Seguridad.<\/p>\n\n\n\n<p>El ministro Fern\u00e1ndez recogi\u00f3 el guante y decidi\u00f3 lanzar un contragolpe contundente, visiblemente molesto porque Tapia le hab\u00eda dicho que hab\u00edan \u201ctraicionado\u201d a la delegaci\u00f3n de la selecci\u00f3n nacional al decidir que el micro no iba a pasar por el Obelisco.<\/p>\n\n\n\n<p>\u201cEsas son las expresiones que tiene este se\u00f1or, que no es precisamente un libro abierto. Dice lo que le parece y mientras que \u00e9l insist\u00eda en que nosotros est\u00e1bamos traicionando, (Lionel) Messi, (Rodrigo) De Paul y (\u00c1ngel) Di Mar\u00eda ya estaban sobre el H17. Ninguno se quej\u00f3, todo lo contrario, subieron gustosamente a los helic\u00f3pteros\u201d., replic\u00f3 el funcionario en di\u00e1logo con Radio 10.<\/p>\n\n\n\n<p>El ministro de Seguridad se hizo cargo de la decisi\u00f3n de sacar a los jugadores de la caravana y le quit\u00f3 a Berni el protagonismo que quiso darle \u201cChiqui\u201d Tapia: \u201c\u00c9l no planific\u00f3 nada, yo tom\u00e9 la decisi\u00f3n de sacarlos en helic\u00f3pteros porque \u2018no se pod\u00eda avanzar\u2019. Sab\u00edamos que en alg\u00fan momento \u00edbamos a tener que hacerlo, por eso los ten\u00edamos preparados\u201d.<\/p>\n","protected":false},"excerpt":{"rendered":"<p>El ministro de Seguridad defendi\u00f3 la decisi\u00f3n de interrumpir el recorrido del micro y apunt\u00f3 contra el presidente de la AFA: asegur\u00f3 que no le entend\u00eda cuando hablaba por tel\u00e9fono. Tambi\u00e9n cuestion\u00f3 a Berni: \u201c\u00c9l no planific\u00f3 nada\u201d. El ministro de Seguridad, An\u00edbal Fern\u00e1ndez, apunt\u00f3 contra el presidente de la AFA, Claudio \u201cChiqui\u201d Tapia, en [&hellip;]<\/p>\n","protected":false},"author":2,"featured_media":50484,"comment_status":"open","ping_status":"open","sticky":false,"template":"","format":"standard","meta":{"tdm_status":"","tdm_grid_status":"","_joinchat":[],"footnotes":""},"categories":[59],"tags":[],"class_list":{"0":"post-50483","1":"post","2":"type-post","3":"status-publish","4":"format-standard","5":"has-post-thumbnail","7":"category-politica"},"amp_enabled":true,"_links":{"self":[{"href":"https:\/\/www.todoeldia.com\/index.php\/wp-json\/wp\/v2\/posts\/50483","targetHints":{"allow":["GET"]}}],"collection":[{"href":"https:\/\/www.todoeldia.com\/index.php\/wp-json\/wp\/v2\/posts"}],"about":[{"href":"https:\/\/www.todoeldia.com\/index.php\/wp-json\/wp\/v2\/types\/post"}],"author":[{"embeddable":true,"href":"https:\/\/www.todoeldia.com\/index.php\/wp-json\/wp\/v2\/users\/2"}],"replies":[{"embeddable":true,"href":"https:\/\/www.todoeldia.com\/index.php\/wp-json\/wp\/v2\/comments?post=50483"}],"version-history":[{"count":1,"href":"https:\/\/www.todoeldia.com\/index.php\/wp-json\/wp\/v2\/posts\/50483\/revisions"}],"predecessor-version":[{"id":50485,"href":"https:\/\/www.todoeldia.com\/index.php\/wp-json\/wp\/v2\/posts\/50483\/revisions\/50485"}],"wp:featuredmedia":[{"embeddable":true,"href":"https:\/\/www.todoeldia.com\/index.php\/wp-json\/wp\/v2\/media\/50484"}],"wp:attachment":[{"href":"https:\/\/www.todoeldia.com\/index.php\/wp-json\/wp\/v2\/media?parent=50483"}],"wp:term":[{"taxonomy":"category","embeddable":true,"href":"https:\/\/www.todoeldia.com\/index.php\/wp-json\/wp\/v2\/categories?post=50483"},{"taxonomy":"post_tag","embeddable":true,"href":"https:\/\/www.todoeldia.com\/index.php\/wp-json\/wp\/v2\/tags?post=50483"}],"curies":[{"name":"wp","href":"https:\/\/api.w.org\/{rel}","templated":true}]}}