{"id":50993,"date":"2023-01-04T11:42:16","date_gmt":"2023-01-04T14:42:16","guid":{"rendered":"https:\/\/www.todoeldia.com\/?p=50993"},"modified":"2023-01-04T11:42:20","modified_gmt":"2023-01-04T14:42:20","slug":"a-dias-de-ser-mama-noelia-marzol-poso-en-ropa-interior-y-encendio-un-tenso-debate-en-las-redes-sociales","status":"publish","type":"post","link":"https:\/\/www.todoeldia.com\/index.php\/2023\/01\/04\/a-dias-de-ser-mama-noelia-marzol-poso-en-ropa-interior-y-encendio-un-tenso-debate-en-las-redes-sociales\/","title":{"rendered":"A d\u00edas de ser mam\u00e1, Noelia Marzol pos\u00f3 en ropa interior y encendi\u00f3 un tenso debate en las redes sociales"},"content":{"rendered":"\n<p>La actriz y bailarina comparti\u00f3 un posteo a tan solo diez d\u00edas de haber dado a luz a una ni\u00f1a. Si bien su intenci\u00f3n fue reflexionar sobre la naturaleza de los cuerpos en el post parto, muchos seguidores consideraron que su publicaci\u00f3n fue humillante para otras mujeres.<\/p>\n\n\n\n<figure class=\"wp-block-image size-full is-resized\"><img loading=\"lazy\" decoding=\"async\" src=\"https:\/\/www.todoeldia.com\/wp-content\/uploads\/2023\/01\/image-14.png\" alt=\"\" class=\"wp-image-50994\" width=\"912\" height=\"612\"\/><\/figure>\n\n\n\n<p>Noelia Marzol comparti\u00f3 un particular posteo a diez d\u00edas de convertirse en madre de una ni\u00f1a, con la intenci\u00f3n de reflexionar sobre la naturaleza de los cuerpos en el post parto. Sin embargo, lejos de generar consenso, la actriz dividi\u00f3 las opiniones a favor y en contra en un tenso debate en las redes sociales.<\/p>\n\n\n\n<figure class=\"wp-block-image size-full is-resized\"><img loading=\"lazy\" decoding=\"async\" src=\"https:\/\/www.todoeldia.com\/wp-content\/uploads\/2023\/01\/image-15.png\" alt=\"\" class=\"wp-image-50995\" width=\"912\" height=\"1144\" srcset=\"https:\/\/www.todoeldia.com\/wp-content\/uploads\/2023\/01\/image-15-240x300.png 240w, https:\/\/www.todoeldia.com\/wp-content\/uploads\/2023\/01\/image-15-300x375.png 300w, https:\/\/www.todoeldia.com\/wp-content\/uploads\/2023\/01\/image-15-336x420.png 336w\" sizes=\"auto, (max-width: 912px) 100vw, 912px\" \/><\/figure>\n\n\n\n<p>En las fotos de la publicaci\u00f3n de Noelia Marzol, se pude ver a la bailarina en ropa interior promocionando la marca de lencer\u00eda que ella misma lanz\u00f3. \u201cEste es mi cuerpo hoy, despu\u00e9s de 10 d\u00edas de haber conocido a mi bebota. No me averg\u00fcenza, ni voy a ocultarlo. No tengo por qu\u00e9 esperar a \u2018recuperarme\u2019 para mostrarles nuestro trabajo. Al contrario\u201d, escribi\u00f3 en el ep\u00edgrafe del posteo.<\/p>\n\n\n\n<p>Luego, Marzol agreg\u00f3: \u201cEstoy orgullosa y agradecida a este cuerpo por haber gestado al amor de mi vida (al igual que a Dona). El mismo siempre, en diferentes versiones. Mi amado cuerpo en un proceso natural de post parto\u201d.<\/p>\n\n\n\n<figure class=\"wp-block-image size-full is-resized\"><img loading=\"lazy\" decoding=\"async\" src=\"https:\/\/www.todoeldia.com\/wp-content\/uploads\/2023\/01\/image-16.png\" alt=\"\" class=\"wp-image-50996\" width=\"915\" height=\"1148\" srcset=\"https:\/\/www.todoeldia.com\/wp-content\/uploads\/2023\/01\/image-16-240x300.png 240w, https:\/\/www.todoeldia.com\/wp-content\/uploads\/2023\/01\/image-16-300x375.png 300w\" sizes=\"auto, (max-width: 915px) 100vw, 915px\" \/><\/figure>\n\n\n\n<p>Sin embargo, otros cuestionaron las palabras de Noelia Marzol sobre su cuerpo apuntando: \u201cEs un mensaje absolutamente equivocado el que das en esta publicaci\u00f3n. Sab\u00e9s con certeza que tu cuerpo actual es una especie de \u2018milagro\u2019. El 99.9% de las mujeres a los 10 d\u00edas de parir no se ven as\u00ed. Parece que te estuvieras burlando\u201d, \u201cEsta publicaci\u00f3n es m\u00e1s para humillar a otras que para hacer sentir bien al resto de madres que ten\u00e9s en Instagram o te siguen por tu maternidad\u201d, \u201c\u00bfEs joda? Te re banco y sos una diosa, pero decir que no te averg\u00fcenza tu cuerpo despu\u00e9s de 10 d\u00edas de parir es hasta un insulto a las dem\u00e1s en tu misma situaci\u00f3n\u201d.<\/p>\n","protected":false},"excerpt":{"rendered":"<p>La actriz y bailarina comparti\u00f3 un posteo a tan solo diez d\u00edas de haber dado a luz a una ni\u00f1a. Si bien su intenci\u00f3n fue reflexionar sobre la naturaleza de los cuerpos en el post parto, muchos seguidores consideraron que su publicaci\u00f3n fue humillante para otras mujeres. Noelia Marzol comparti\u00f3 un particular posteo a diez [&hellip;]<\/p>\n","protected":false},"author":2,"featured_media":50997,"comment_status":"open","ping_status":"open","sticky":false,"template":"","format":"standard","meta":{"tdm_status":"","tdm_grid_status":"","_joinchat":[],"footnotes":""},"categories":[120],"tags":[],"class_list":{"0":"post-50993","1":"post","2":"type-post","3":"status-publish","4":"format-standard","5":"has-post-thumbnail","7":"category-espectaculos-2"},"amp_enabled":true,"_links":{"self":[{"href":"https:\/\/www.todoeldia.com\/index.php\/wp-json\/wp\/v2\/posts\/50993","targetHints":{"allow":["GET"]}}],"collection":[{"href":"https:\/\/www.todoeldia.com\/index.php\/wp-json\/wp\/v2\/posts"}],"about":[{"href":"https:\/\/www.todoeldia.com\/index.php\/wp-json\/wp\/v2\/types\/post"}],"author":[{"embeddable":true,"href":"https:\/\/www.todoeldia.com\/index.php\/wp-json\/wp\/v2\/users\/2"}],"replies":[{"embeddable":true,"href":"https:\/\/www.todoeldia.com\/index.php\/wp-json\/wp\/v2\/comments?post=50993"}],"version-history":[{"count":1,"href":"https:\/\/www.todoeldia.com\/index.php\/wp-json\/wp\/v2\/posts\/50993\/revisions"}],"predecessor-version":[{"id":50998,"href":"https:\/\/www.todoeldia.com\/index.php\/wp-json\/wp\/v2\/posts\/50993\/revisions\/50998"}],"wp:featuredmedia":[{"embeddable":true,"href":"https:\/\/www.todoeldia.com\/index.php\/wp-json\/wp\/v2\/media\/50997"}],"wp:attachment":[{"href":"https:\/\/www.todoeldia.com\/index.php\/wp-json\/wp\/v2\/media?parent=50993"}],"wp:term":[{"taxonomy":"category","embeddable":true,"href":"https:\/\/www.todoeldia.com\/index.php\/wp-json\/wp\/v2\/categories?post=50993"},{"taxonomy":"post_tag","embeddable":true,"href":"https:\/\/www.todoeldia.com\/index.php\/wp-json\/wp\/v2\/tags?post=50993"}],"curies":[{"name":"wp","href":"https:\/\/api.w.org\/{rel}","templated":true}]}}