{"id":51002,"date":"2023-01-04T12:56:30","date_gmt":"2023-01-04T15:56:30","guid":{"rendered":"https:\/\/www.todoeldia.com\/?p=51002"},"modified":"2023-01-04T12:56:33","modified_gmt":"2023-01-04T15:56:33","slug":"fernando-burlando-sacado-contra-los-rugbiers-por-reirse-en-el-juicio-son-unos-reverendos-hijos-de-puta","status":"publish","type":"post","link":"https:\/\/www.todoeldia.com\/index.php\/2023\/01\/04\/fernando-burlando-sacado-contra-los-rugbiers-por-reirse-en-el-juicio-son-unos-reverendos-hijos-de-puta\/","title":{"rendered":"Fernando Burlando sacado contra los rugbiers por re\u00edrse en el juicio: \u201cSon unos reverendos hijos de puta\u201d"},"content":{"rendered":"\n<p>El abogado expres\u00f3 su furia contra los acusados en el juicio por el crimen de Fernando B\u00e1ez Sosa luego de que los j\u00f3venes se hayan re\u00eddo durante la audiencia.<\/p>\n\n\n\n<p>El abogado desat\u00f3 su enojo contra los j\u00f3venes luego de haber notado que se rieron durante la audiencia de hoy.<\/p>\n\n\n\n<p>Burlando fue consultado por la actitud de los demandados y los trat\u00f3 de \u201creverendos hijos de puta\u201d.<\/p>\n\n\n\n<p>Fernando hab\u00eda avisado apenas le preguntaron por la actitud de los j\u00f3venes: \u201cUstedes quieren que empiece a hablar coloquialmente\u201d.<\/p>\n\n\n\n<p>&nbsp;\u201cEstoy a muy corto tiempo de empezar a insultar a todo el mundo\u201d, reconoci\u00f3 el letrado.<\/p>\n\n\n\n<p>Burlando se sac\u00f3 al reflexionar \u201cyo me pregunto de qu\u00e9 se r\u00eden. De qu\u00e9 se r\u00eden, hijos de puta\u201d.<\/p>\n\n\n\n<p>\u201cNo se pueden re\u00edr de nada\u201d, insisti\u00f3 el abogado.<\/p>\n\n\n\n<p>Fernando aclar\u00f3 sobre los acusados del crimen que \u201caunque se r\u00edan por algo que no tenga nada que ver con el juicio, en esto que es un templo, que es la sala de audiencias donde est\u00e1n los pap\u00e1s de Fernando B\u00e1ez Sosa, no se pueden re\u00edr de nada\u201d.<\/p>\n\n\n\n<p>\u201cSi hicieron eso son unos reverendos hijos de puta\u201d, cerr\u00f3 Burlando.<\/p>\n","protected":false},"excerpt":{"rendered":"<p>El abogado expres\u00f3 su furia contra los acusados en el juicio por el crimen de Fernando B\u00e1ez Sosa luego de que los j\u00f3venes se hayan re\u00eddo durante la audiencia. El abogado desat\u00f3 su enojo contra los j\u00f3venes luego de haber notado que se rieron durante la audiencia de hoy. Burlando fue consultado por la actitud [&hellip;]<\/p>\n","protected":false},"author":2,"featured_media":51003,"comment_status":"open","ping_status":"open","sticky":false,"template":"","format":"standard","meta":{"tdm_status":"","tdm_grid_status":"","_joinchat":[],"footnotes":""},"categories":[63],"tags":[],"class_list":{"0":"post-51002","1":"post","2":"type-post","3":"status-publish","4":"format-standard","5":"has-post-thumbnail","7":"category-policiales"},"amp_enabled":true,"_links":{"self":[{"href":"https:\/\/www.todoeldia.com\/index.php\/wp-json\/wp\/v2\/posts\/51002","targetHints":{"allow":["GET"]}}],"collection":[{"href":"https:\/\/www.todoeldia.com\/index.php\/wp-json\/wp\/v2\/posts"}],"about":[{"href":"https:\/\/www.todoeldia.com\/index.php\/wp-json\/wp\/v2\/types\/post"}],"author":[{"embeddable":true,"href":"https:\/\/www.todoeldia.com\/index.php\/wp-json\/wp\/v2\/users\/2"}],"replies":[{"embeddable":true,"href":"https:\/\/www.todoeldia.com\/index.php\/wp-json\/wp\/v2\/comments?post=51002"}],"version-history":[{"count":1,"href":"https:\/\/www.todoeldia.com\/index.php\/wp-json\/wp\/v2\/posts\/51002\/revisions"}],"predecessor-version":[{"id":51004,"href":"https:\/\/www.todoeldia.com\/index.php\/wp-json\/wp\/v2\/posts\/51002\/revisions\/51004"}],"wp:featuredmedia":[{"embeddable":true,"href":"https:\/\/www.todoeldia.com\/index.php\/wp-json\/wp\/v2\/media\/51003"}],"wp:attachment":[{"href":"https:\/\/www.todoeldia.com\/index.php\/wp-json\/wp\/v2\/media?parent=51002"}],"wp:term":[{"taxonomy":"category","embeddable":true,"href":"https:\/\/www.todoeldia.com\/index.php\/wp-json\/wp\/v2\/categories?post=51002"},{"taxonomy":"post_tag","embeddable":true,"href":"https:\/\/www.todoeldia.com\/index.php\/wp-json\/wp\/v2\/tags?post=51002"}],"curies":[{"name":"wp","href":"https:\/\/api.w.org\/{rel}","templated":true}]}}