{"id":51023,"date":"2023-01-04T19:48:52","date_gmt":"2023-01-04T22:48:52","guid":{"rendered":"https:\/\/www.todoeldia.com\/?p=51023"},"modified":"2023-01-04T19:48:54","modified_gmt":"2023-01-04T22:48:54","slug":"investiga-la-justicia-un-raro-incidente-con-amenazas-lesiones-y-danos-en-tres-cerritos","status":"publish","type":"post","link":"https:\/\/www.todoeldia.com\/index.php\/2023\/01\/04\/investiga-la-justicia-un-raro-incidente-con-amenazas-lesiones-y-danos-en-tres-cerritos\/","title":{"rendered":"Investiga la justicia un raro incidente con amenazas, lesiones y da\u00f1os en Tres Cerritos"},"content":{"rendered":"\n<p>Los hechos ocurrieron durante la madrugada del pasado 1 de enero, cuando dos personas a bordo de una camioneta, habr\u00edan protagonizado incidentes en avenida del Bicentenario y en una plaza de la zona en la ciudad de Salta. Se dispusieron numerosas medidas tendientes a esclarecer los hechos y se secuestr\u00f3 el veh\u00edculo en el que desplazaban.<\/p>\n\n\n\n<p>El fiscal penal Santiago L\u00f3pez Soto, interino en la Fiscal\u00eda Penal 2 en feria, inici\u00f3 averiguaciones preliminares por denuncias radicas el pasado 1 de enero, donde se se\u00f1ala a dos personas que se desplazaban en una camioneta como protagonistas de dos incidentes.<\/p>\n\n\n\n<p>En uno de ellos, un grupo de j\u00f3venes que caminaba por avenida Bicentenario, denuncian haber sido agredidos y amenazados por estas personas que luego se retiraron.<\/p>\n\n\n\n<p>En el segundo hecho, tras una discusi\u00f3n, en una plaza ubicada en la intersecci\u00f3n de Los Mandarinos y Los Olivos de barrio Tres Cerritos, se habr\u00edan producido agresiones, amenazas, da\u00f1os a un veh\u00edculo y lesiones a un joven que habr\u00eda sido embestido.<\/p>\n\n\n\n<p>Desde la Fiscal\u00eda se dispuso el cumplimiento de numerosas medidas tendientes a esclarecer lo sucedido, entre ellas la recepci\u00f3n de testimoniales y relevamiento de c\u00e1maras de seguridad y se secuestr\u00f3 el veh\u00edculo en el que se desplazaban los denunciados.<\/p>\n","protected":false},"excerpt":{"rendered":"<p>Los hechos ocurrieron durante la madrugada del pasado 1 de enero, cuando dos personas a bordo de una camioneta, habr\u00edan protagonizado incidentes en avenida del Bicentenario y en una plaza de la zona en la ciudad de Salta. Se dispusieron numerosas medidas tendientes a esclarecer los hechos y se secuestr\u00f3 el veh\u00edculo en el que [&hellip;]<\/p>\n","protected":false},"author":2,"featured_media":51024,"comment_status":"open","ping_status":"open","sticky":false,"template":"","format":"standard","meta":{"tdm_status":"","tdm_grid_status":"","_joinchat":[],"footnotes":""},"categories":[63],"tags":[],"class_list":{"0":"post-51023","1":"post","2":"type-post","3":"status-publish","4":"format-standard","5":"has-post-thumbnail","7":"category-policiales"},"amp_enabled":true,"_links":{"self":[{"href":"https:\/\/www.todoeldia.com\/index.php\/wp-json\/wp\/v2\/posts\/51023","targetHints":{"allow":["GET"]}}],"collection":[{"href":"https:\/\/www.todoeldia.com\/index.php\/wp-json\/wp\/v2\/posts"}],"about":[{"href":"https:\/\/www.todoeldia.com\/index.php\/wp-json\/wp\/v2\/types\/post"}],"author":[{"embeddable":true,"href":"https:\/\/www.todoeldia.com\/index.php\/wp-json\/wp\/v2\/users\/2"}],"replies":[{"embeddable":true,"href":"https:\/\/www.todoeldia.com\/index.php\/wp-json\/wp\/v2\/comments?post=51023"}],"version-history":[{"count":1,"href":"https:\/\/www.todoeldia.com\/index.php\/wp-json\/wp\/v2\/posts\/51023\/revisions"}],"predecessor-version":[{"id":51025,"href":"https:\/\/www.todoeldia.com\/index.php\/wp-json\/wp\/v2\/posts\/51023\/revisions\/51025"}],"wp:featuredmedia":[{"embeddable":true,"href":"https:\/\/www.todoeldia.com\/index.php\/wp-json\/wp\/v2\/media\/51024"}],"wp:attachment":[{"href":"https:\/\/www.todoeldia.com\/index.php\/wp-json\/wp\/v2\/media?parent=51023"}],"wp:term":[{"taxonomy":"category","embeddable":true,"href":"https:\/\/www.todoeldia.com\/index.php\/wp-json\/wp\/v2\/categories?post=51023"},{"taxonomy":"post_tag","embeddable":true,"href":"https:\/\/www.todoeldia.com\/index.php\/wp-json\/wp\/v2\/tags?post=51023"}],"curies":[{"name":"wp","href":"https:\/\/api.w.org\/{rel}","templated":true}]}}