{"id":51026,"date":"2023-01-04T19:54:02","date_gmt":"2023-01-04T22:54:02","guid":{"rendered":"https:\/\/www.todoeldia.com\/?p=51026"},"modified":"2023-01-04T19:54:04","modified_gmt":"2023-01-04T22:54:04","slug":"a-la-carcel-por-14-anos-por-abusar-de-la-hija-de-su-pareja-en-metan","status":"publish","type":"post","link":"https:\/\/www.todoeldia.com\/index.php\/2023\/01\/04\/a-la-carcel-por-14-anos-por-abusar-de-la-hija-de-su-pareja-en-metan\/","title":{"rendered":"A la c\u00e1rcel por 14 a\u00f1os por abusar de la hija de su pareja en Metan"},"content":{"rendered":"\n<p>Un hombre de 25 a\u00f1os fue juzgado por reiterados hechos de abuso sexual cometidos en perjuicio de una ni\u00f1a de 6 a\u00f1os, hija de su pareja. Ser\u00e1 registrado en el Banco de Datos Gen\u00e9ticos.<\/p>\n\n\n\n<p>El fiscal penal de Rosario de la Frontera en feria, Nicol\u00e1s Rodr\u00edguez L\u00f3pez, represent\u00f3 al Ministerio P\u00fablico Fiscal ante la Sala II del Tribunal de Juicio de ese distrito, en la audiencia de debate contra un hombre de 25 a\u00f1os como autor del delito de abuso sexual con acceso carnal agravado por la convivencia y la edad (hechos reiterados) en perjuicio de una menor de edad.<\/p>\n\n\n\n<p>La denuncia fue radicada por la madre de una ni\u00f1a de 6 a\u00f1os al tomar conocimiento de que su pareja comet\u00eda actos de abuso sexual en perjuicio de su peque\u00f1a hija en su ausencia.<\/p>\n\n\n\n<p>Finalizada la ronda de testigos, se dio lugar a los alegatos, donde el fiscal Rodr\u00edguez L\u00f3pez sostuvo la acusaci\u00f3n y solicit\u00f3 una pena de 16 a\u00f1os de prisi\u00f3n efectiva.<\/p>\n\n\n\n<p>En el veredicto, el juez Ram\u00f3n Haddad impuso al acusado la pena de 14 a\u00f1os de prisi\u00f3n efectiva.<\/p>\n","protected":false},"excerpt":{"rendered":"<p>Un hombre de 25 a\u00f1os fue juzgado por reiterados hechos de abuso sexual cometidos en perjuicio de una ni\u00f1a de 6 a\u00f1os, hija de su pareja. Ser\u00e1 registrado en el Banco de Datos Gen\u00e9ticos. El fiscal penal de Rosario de la Frontera en feria, Nicol\u00e1s Rodr\u00edguez L\u00f3pez, represent\u00f3 al Ministerio P\u00fablico Fiscal ante la Sala [&hellip;]<\/p>\n","protected":false},"author":2,"featured_media":41565,"comment_status":"open","ping_status":"open","sticky":false,"template":"","format":"standard","meta":{"tdm_status":"","tdm_grid_status":"","_joinchat":[],"footnotes":""},"categories":[63],"tags":[],"class_list":{"0":"post-51026","1":"post","2":"type-post","3":"status-publish","4":"format-standard","5":"has-post-thumbnail","7":"category-policiales"},"amp_enabled":true,"_links":{"self":[{"href":"https:\/\/www.todoeldia.com\/index.php\/wp-json\/wp\/v2\/posts\/51026","targetHints":{"allow":["GET"]}}],"collection":[{"href":"https:\/\/www.todoeldia.com\/index.php\/wp-json\/wp\/v2\/posts"}],"about":[{"href":"https:\/\/www.todoeldia.com\/index.php\/wp-json\/wp\/v2\/types\/post"}],"author":[{"embeddable":true,"href":"https:\/\/www.todoeldia.com\/index.php\/wp-json\/wp\/v2\/users\/2"}],"replies":[{"embeddable":true,"href":"https:\/\/www.todoeldia.com\/index.php\/wp-json\/wp\/v2\/comments?post=51026"}],"version-history":[{"count":1,"href":"https:\/\/www.todoeldia.com\/index.php\/wp-json\/wp\/v2\/posts\/51026\/revisions"}],"predecessor-version":[{"id":51027,"href":"https:\/\/www.todoeldia.com\/index.php\/wp-json\/wp\/v2\/posts\/51026\/revisions\/51027"}],"wp:featuredmedia":[{"embeddable":true,"href":"https:\/\/www.todoeldia.com\/index.php\/wp-json\/wp\/v2\/media\/41565"}],"wp:attachment":[{"href":"https:\/\/www.todoeldia.com\/index.php\/wp-json\/wp\/v2\/media?parent=51026"}],"wp:term":[{"taxonomy":"category","embeddable":true,"href":"https:\/\/www.todoeldia.com\/index.php\/wp-json\/wp\/v2\/categories?post=51026"},{"taxonomy":"post_tag","embeddable":true,"href":"https:\/\/www.todoeldia.com\/index.php\/wp-json\/wp\/v2\/tags?post=51026"}],"curies":[{"name":"wp","href":"https:\/\/api.w.org\/{rel}","templated":true}]}}